{"id":986,"date":"2021-03-02T15:09:52","date_gmt":"2021-03-02T14:09:52","guid":{"rendered":"http:\/\/asylkreis-oftersheim.de\/?p=986"},"modified":"2021-03-02T15:09:52","modified_gmt":"2021-03-02T14:09:52","slug":"asylkreis-verabschiedet-sich-von-kommunaler-kooperationspartnerin","status":"publish","type":"post","link":"http:\/\/asylkreis-oftersheim.de\/?p=986","title":{"rendered":"Asylkreis verabschiedet sich von kommunaler Kooperationspartnerin"},"content":{"rendered":"\n<p>Da die kommunale Integrationsbeauftragte und\nSachgebietsleiterin des Integrationsb\u00fcros, Maria Theresia Brucker, die Gemeinde\nOftersheim verlassen wird, hat sich der Asylkreis diese Woche offiziell von\nseiner Kooperationspartnerin im Rathaus verabschiedet. <\/p>\n\n\n\n<p>Beide Seiten dankten sich f\u00fcr die partnerschaftliche\nZusammenarbeit in den letzten Jahren. Gemeinsam habe man viel erreicht und die\nkommunalen Integrationsstrukturen aufgebaut und verfestigt. Brucker hob die\nWichtigkeit des ehrenamtlichen Engagements im Bereich Integration hervor und\nmachte deutlich, dass sich die Kommune gl\u00fccklich sch\u00e4tzen kann, einen solchen\nEhrenamtsverbund als Unterst\u00fctzung f\u00fcr die Gefl\u00fcchteten zu haben. <\/p>\n\n\n\n<p>Die Sprecherin des Asylkreises, Heidi Joos, \u00fcbergab im\nNamen aller Mitglieder die Abschiedsgeschenke und betonte, wie sehr der\nAsylkreis den Weggang von Brucker bedauere. <\/p>\n\n\n\n<figure class=\"wp-block-image\"><img loading=\"lazy\" decoding=\"async\" width=\"1024\" height=\"684\" src=\"http:\/\/asylkreis-oftersheim.de\/wp-content\/uploads\/2021\/03\/DSC_2624-1024x684.jpg\" alt=\"\" class=\"wp-image-987\" srcset=\"http:\/\/asylkreis-oftersheim.de\/wp-content\/uploads\/2021\/03\/DSC_2624-1024x684.jpg 1024w, http:\/\/asylkreis-oftersheim.de\/wp-content\/uploads\/2021\/03\/DSC_2624-300x200.jpg 300w, http:\/\/asylkreis-oftersheim.de\/wp-content\/uploads\/2021\/03\/DSC_2624-768x513.jpg 768w\" sizes=\"auto, (max-width: 1024px) 100vw, 1024px\" \/><figcaption>Die Asylkreismitglieder Maria Staudigl, Heidi Joos, Angelika Feurich und Andreas Scheider (v.l.n.r.) verabschieden Maria Theresia Brucker (mitte)<\/figcaption><\/figure>\n","protected":false},"excerpt":{"rendered":"<p>Da die kommunale Integrationsbeauftragte und Sachgebietsleiterin des Integrationsb\u00fcros, Maria Theresia Brucker, die Gemeinde Oftersheim verlassen wird, hat sich der Asylkreis diese Woche offiziell von seiner Kooperationspartnerin im Rathaus verabschiedet. Beide Seiten dankten sich f\u00fcr die partnerschaftliche Zusammenarbeit in den letzten Jahren. Gemeinsam habe man viel erreicht und die kommunalen Integrationsstrukturen aufgebaut und verfestigt. Brucker hob [&hellip;]<\/p>\n","protected":false},"author":3,"featured_media":0,"comment_status":"closed","ping_status":"closed","sticky":false,"template":"","format":"standard","meta":{"footnotes":""},"categories":[1],"tags":[],"class_list":["post-986","post","type-post","status-publish","format-standard","hentry","category-uncategorized"],"_links":{"self":[{"href":"http:\/\/asylkreis-oftersheim.de\/index.php?rest_route=\/wp\/v2\/posts\/986","targetHints":{"allow":["GET"]}}],"collection":[{"href":"http:\/\/asylkreis-oftersheim.de\/index.php?rest_route=\/wp\/v2\/posts"}],"about":[{"href":"http:\/\/asylkreis-oftersheim.de\/index.php?rest_route=\/wp\/v2\/types\/post"}],"author":[{"embeddable":true,"href":"http:\/\/asylkreis-oftersheim.de\/index.php?rest_route=\/wp\/v2\/users\/3"}],"replies":[{"embeddable":true,"href":"http:\/\/asylkreis-oftersheim.de\/index.php?rest_route=%2Fwp%2Fv2%2Fcomments&post=986"}],"version-history":[{"count":1,"href":"http:\/\/asylkreis-oftersheim.de\/index.php?rest_route=\/wp\/v2\/posts\/986\/revisions"}],"predecessor-version":[{"id":988,"href":"http:\/\/asylkreis-oftersheim.de\/index.php?rest_route=\/wp\/v2\/posts\/986\/revisions\/988"}],"wp:attachment":[{"href":"http:\/\/asylkreis-oftersheim.de\/index.php?rest_route=%2Fwp%2Fv2%2Fmedia&parent=986"}],"wp:term":[{"taxonomy":"category","embeddable":true,"href":"http:\/\/asylkreis-oftersheim.de\/index.php?rest_route=%2Fwp%2Fv2%2Fcategories&post=986"},{"taxonomy":"post_tag","embeddable":true,"href":"http:\/\/asylkreis-oftersheim.de\/index.php?rest_route=%2Fwp%2Fv2%2Ftags&post=986"}],"curies":[{"name":"wp","href":"https:\/\/api.w.org\/{rel}","templated":true}]}}