{"id":968,"date":"2021-01-07T12:04:41","date_gmt":"2021-01-07T11:04:41","guid":{"rendered":"http:\/\/asylkreis-oftersheim.de\/?p=968"},"modified":"2021-01-07T12:04:41","modified_gmt":"2021-01-07T11:04:41","slug":"starten-sie-mit-sozialem-engagement-ins-neue-jahr","status":"publish","type":"post","link":"http:\/\/asylkreis-oftersheim.de\/?p=968","title":{"rendered":"Starten Sie mit sozialem Engagement ins neue Jahr!"},"content":{"rendered":"\n<p>Der Asylkreis Oftersheim sucht tatkr\u00e4ftige Unterst\u00fctzung\nf\u00fcr die Hausaufgabenbetreuung. Unter Einhaltung der Corona-Regelungen helfen\nehrenamtliche Mitarbeiterinnen <strong>montags\nund donnerstags von 15 bis 16<\/strong> Uhr im ev. Gemeindehaus den Oftersheimer\nFl\u00fcchtlingskindern bei den Hausaufgaben und beim Deutschlernen. <\/p>\n\n\n\n<p>Wenn Sie Zeit und Lust haben, den Sch\u00fclern zu helfen und\nden Asylkreis zu unterst\u00fctzen, melden Sie sich bitte bei Frau Frerks per Mail\nunter <a href=\"mailto:a.frerks@t-online.de\">a.frerks@t-online.de<\/a> oder\nunter der Telefonnummer&nbsp;575961.<\/p>\n","protected":false},"excerpt":{"rendered":"<p>Der Asylkreis Oftersheim sucht tatkr\u00e4ftige Unterst\u00fctzung f\u00fcr die Hausaufgabenbetreuung. Unter Einhaltung der Corona-Regelungen helfen ehrenamtliche Mitarbeiterinnen montags und donnerstags von 15 bis 16 Uhr im ev. Gemeindehaus den Oftersheimer Fl\u00fcchtlingskindern bei den Hausaufgaben und beim Deutschlernen. Wenn Sie Zeit und Lust haben, den Sch\u00fclern zu helfen und den Asylkreis zu unterst\u00fctzen, melden Sie sich bitte [&hellip;]<\/p>\n","protected":false},"author":3,"featured_media":0,"comment_status":"closed","ping_status":"closed","sticky":false,"template":"","format":"standard","meta":{"footnotes":""},"categories":[1],"tags":[],"class_list":["post-968","post","type-post","status-publish","format-standard","hentry","category-uncategorized"],"_links":{"self":[{"href":"http:\/\/asylkreis-oftersheim.de\/index.php?rest_route=\/wp\/v2\/posts\/968","targetHints":{"allow":["GET"]}}],"collection":[{"href":"http:\/\/asylkreis-oftersheim.de\/index.php?rest_route=\/wp\/v2\/posts"}],"about":[{"href":"http:\/\/asylkreis-oftersheim.de\/index.php?rest_route=\/wp\/v2\/types\/post"}],"author":[{"embeddable":true,"href":"http:\/\/asylkreis-oftersheim.de\/index.php?rest_route=\/wp\/v2\/users\/3"}],"replies":[{"embeddable":true,"href":"http:\/\/asylkreis-oftersheim.de\/index.php?rest_route=%2Fwp%2Fv2%2Fcomments&post=968"}],"version-history":[{"count":1,"href":"http:\/\/asylkreis-oftersheim.de\/index.php?rest_route=\/wp\/v2\/posts\/968\/revisions"}],"predecessor-version":[{"id":969,"href":"http:\/\/asylkreis-oftersheim.de\/index.php?rest_route=\/wp\/v2\/posts\/968\/revisions\/969"}],"wp:attachment":[{"href":"http:\/\/asylkreis-oftersheim.de\/index.php?rest_route=%2Fwp%2Fv2%2Fmedia&parent=968"}],"wp:term":[{"taxonomy":"category","embeddable":true,"href":"http:\/\/asylkreis-oftersheim.de\/index.php?rest_route=%2Fwp%2Fv2%2Fcategories&post=968"},{"taxonomy":"post_tag","embeddable":true,"href":"http:\/\/asylkreis-oftersheim.de\/index.php?rest_route=%2Fwp%2Fv2%2Ftags&post=968"}],"curies":[{"name":"wp","href":"https:\/\/api.w.org\/{rel}","templated":true}]}}