{"id":946,"date":"2020-07-15T07:11:47","date_gmt":"2020-07-15T06:11:47","guid":{"rendered":"http:\/\/asylkreis-oftersheim.de\/?p=946"},"modified":"2020-07-15T07:11:47","modified_gmt":"2020-07-15T06:11:47","slug":"maskenspende-fuer-fluechtlingslager-in-griechenland","status":"publish","type":"post","link":"http:\/\/asylkreis-oftersheim.de\/?p=946","title":{"rendered":"Maskenspende f\u00fcr Fl\u00fcchtlingslager in Griechenland"},"content":{"rendered":"\n<p>Oftersheim hat sich der <strong>Spendenaktion der Lern-Praxis-Werkstatt<\/strong> f\u00fcr Weinheim und den\nn\u00f6rdlichen Rhein-Neckar-Kreis angeschlossen und <strong>Atemschutzmasken f\u00fcr die Fl\u00fcchtlingslager in Griechenland <\/strong>gefertigt.\n<\/p>\n\n\n\n<p>Nachdem Heidi Joos vom <strong>Asylkreis Ofterhseim<\/strong> die N\u00e4her mit Stoff versorgt hatte, haben Gefl\u00fcchtete\nder kommunalen Anschlussunterbringung in den letzten Wochen eifrig Masken\ngen\u00e4ht. So kann die Integrationsbeauftragte Maria Theresia Brucker nun <strong>rund zweihundert Atemschutzmasken<\/strong> an\ndie Lern-Praxis-Werkstatt \u00fcbergeben. Ende Juli\/Anfang August werden alle bis\ndahin eingegangenen gespendeten Masken schlie\u00dflich auf die griechischen Inseln\nund auf das Festland verschickt und <strong>von\nder Internationalen Organisation f\u00fcr Migration<\/strong> vor Ort verteilt. Die Masken\nsollen dabei helfen, die Ausbreitung des Corona-Virus in den \u00fcberf\u00fcllten\nNotunterk\u00fcnften in Griechenland einzud\u00e4mmen. <\/p>\n\n\n\n<div class=\"wp-block-image\"><figure class=\"aligncenter is-resized\"><img loading=\"lazy\" decoding=\"async\" src=\"http:\/\/asylkreis-oftersheim.de\/wp-content\/uploads\/2020\/07\/Integrationsb\u00fcro-Masken-1024x571.jpg\" alt=\"\" class=\"wp-image-947\" width=\"553\" height=\"307\" srcset=\"http:\/\/asylkreis-oftersheim.de\/wp-content\/uploads\/2020\/07\/Integrationsb\u00fcro-Masken-1024x571.jpg 1024w, http:\/\/asylkreis-oftersheim.de\/wp-content\/uploads\/2020\/07\/Integrationsb\u00fcro-Masken-300x167.jpg 300w, http:\/\/asylkreis-oftersheim.de\/wp-content\/uploads\/2020\/07\/Integrationsb\u00fcro-Masken-768x428.jpg 768w\" sizes=\"auto, (max-width: 553px) 100vw, 553px\" \/><figcaption>Heidi Joos, Ali und Mansour Babei und Maria Theresia Brucker<\/figcaption><\/figure><\/div>\n\n\n\n<p><strong>Herzlichen Dank an\nalle Beteiligten und insbesondere an die flei\u00dfigen N\u00e4her Ali und Mansour Babaei,\nZoreh Tahan Mofrad Taheri und Hamit En\u00fcstekin!<\/strong><\/p>\n","protected":false},"excerpt":{"rendered":"<p>Oftersheim hat sich der Spendenaktion der Lern-Praxis-Werkstatt f\u00fcr Weinheim und den n\u00f6rdlichen Rhein-Neckar-Kreis angeschlossen und Atemschutzmasken f\u00fcr die Fl\u00fcchtlingslager in Griechenland gefertigt. Nachdem Heidi Joos vom Asylkreis Ofterhseim die N\u00e4her mit Stoff versorgt hatte, haben Gefl\u00fcchtete der kommunalen Anschlussunterbringung in den letzten Wochen eifrig Masken gen\u00e4ht. So kann die Integrationsbeauftragte Maria Theresia Brucker nun rund [&hellip;]<\/p>\n","protected":false},"author":3,"featured_media":0,"comment_status":"closed","ping_status":"closed","sticky":false,"template":"","format":"standard","meta":{"footnotes":""},"categories":[1],"tags":[],"class_list":["post-946","post","type-post","status-publish","format-standard","hentry","category-uncategorized"],"_links":{"self":[{"href":"http:\/\/asylkreis-oftersheim.de\/index.php?rest_route=\/wp\/v2\/posts\/946","targetHints":{"allow":["GET"]}}],"collection":[{"href":"http:\/\/asylkreis-oftersheim.de\/index.php?rest_route=\/wp\/v2\/posts"}],"about":[{"href":"http:\/\/asylkreis-oftersheim.de\/index.php?rest_route=\/wp\/v2\/types\/post"}],"author":[{"embeddable":true,"href":"http:\/\/asylkreis-oftersheim.de\/index.php?rest_route=\/wp\/v2\/users\/3"}],"replies":[{"embeddable":true,"href":"http:\/\/asylkreis-oftersheim.de\/index.php?rest_route=%2Fwp%2Fv2%2Fcomments&post=946"}],"version-history":[{"count":3,"href":"http:\/\/asylkreis-oftersheim.de\/index.php?rest_route=\/wp\/v2\/posts\/946\/revisions"}],"predecessor-version":[{"id":950,"href":"http:\/\/asylkreis-oftersheim.de\/index.php?rest_route=\/wp\/v2\/posts\/946\/revisions\/950"}],"wp:attachment":[{"href":"http:\/\/asylkreis-oftersheim.de\/index.php?rest_route=%2Fwp%2Fv2%2Fmedia&parent=946"}],"wp:term":[{"taxonomy":"category","embeddable":true,"href":"http:\/\/asylkreis-oftersheim.de\/index.php?rest_route=%2Fwp%2Fv2%2Fcategories&post=946"},{"taxonomy":"post_tag","embeddable":true,"href":"http:\/\/asylkreis-oftersheim.de\/index.php?rest_route=%2Fwp%2Fv2%2Ftags&post=946"}],"curies":[{"name":"wp","href":"https:\/\/api.w.org\/{rel}","templated":true}]}}