{"id":900,"date":"2020-07-06T08:28:52","date_gmt":"2020-07-06T07:28:52","guid":{"rendered":"http:\/\/asylkreis-oftersheim.de\/?p=900"},"modified":"2020-07-06T13:58:43","modified_gmt":"2020-07-06T12:58:43","slug":"einladung-zum-integrativen-offenen-elterntreff","status":"publish","type":"post","link":"http:\/\/asylkreis-oftersheim.de\/?p=900","title":{"rendered":"Einladung zum integrativen offenen Elterntreff"},"content":{"rendered":"\n<div class=\"wp-block-image\"><figure class=\"alignright is-resized\"><img loading=\"lazy\" decoding=\"async\" src=\"http:\/\/asylkreis-oftersheim.de\/wp-content\/uploads\/2020\/01\/YTozOntzOjM6InVybCI7czo0ODoiL21lZGlhLWRiL19hdHRhY2gvbmV3Lzc5NzYvZmx5ZXJfZWx0ZXJudHJlZmYucG5nIjtzOjM6ImNtZCI7czo5OiJtYXhfd2lkdGgiO3M6NToid2lkdGgiO3M6NDoiMTAyNCI7fQ.png\" alt=\"\" class=\"wp-image-901\" width=\"237\" height=\"337\" srcset=\"http:\/\/asylkreis-oftersheim.de\/wp-content\/uploads\/2020\/01\/YTozOntzOjM6InVybCI7czo0ODoiL21lZGlhLWRiL19hdHRhY2gvbmV3Lzc5NzYvZmx5ZXJfZWx0ZXJudHJlZmYucG5nIjtzOjM6ImNtZCI7czo5OiJtYXhfd2lkdGgiO3M6NToid2lkdGgiO3M6NDoiMTAyNCI7fQ.png 478w, http:\/\/asylkreis-oftersheim.de\/wp-content\/uploads\/2020\/01\/YTozOntzOjM6InVybCI7czo0ODoiL21lZGlhLWRiL19hdHRhY2gvbmV3Lzc5NzYvZmx5ZXJfZWx0ZXJudHJlZmYucG5nIjtzOjM6ImNtZCI7czo5OiJtYXhfd2lkdGgiO3M6NToid2lkdGgiO3M6NDoiMTAyNCI7fQ-211x300.png 211w\" sizes=\"auto, (max-width: 237px) 100vw, 237px\" \/><\/figure><\/div>\n\n\n\n<p><strong>Ab Mittwoch, 15. Juli 2020,<\/strong> findet unter Einhaltung entsprechender Hygieneregeln endlich wieder w\u00f6chentlich <strong>mittwochs ab 14 Uhr <\/strong>der&nbsp;integrative offene Elterntreff f\u00fcr <strong>Eltern, werdende Eltern und Gro\u00dfeltern aller Nationalit\u00e4t und Herkunft<\/strong> statt. Das \u00fcber das Landesprogramm ST\u00c4RKE finanzierte Angebot wird von der Dipl.-Soz. P\u00e4d. Heide Graze im <strong>Unterrichtsraum des Siegwald-Kehder-Hauses <\/strong>(Mannheimer Str. 19-29, Untergeschoss) ausgerichtet.<\/p>\n\n\n\n<p>Der integrative offene Elterntreff besteht aus zwei Teilen:<\/p>\n\n\n\n<ul class=\"wp-block-list\"><li><strong>Krabbelgruppe <\/strong>f\u00fcr Eltern mit Babies von einem Monat bis 1,5 Jahren von <strong>14.00-15.30 Uhr<\/strong> <\/li><li><strong>Elterncaf\u00e9 <\/strong>f\u00fcr Eltern, werdende Eltern und Gro\u00dfeltern von <strong>16.00-17.00 Uhr<\/strong><\/li><\/ul>\n\n\n\n<p>Herzlich eingeladen sind Oftersheimer Eltern, Gro\u00dfeltern und werdende Eltern aller Nationalit\u00e4t und Herkunft,\n um sich in lockerer Atmosph\u00e4re auszutauschen und Kontakte zu kn\u00fcpfen. \nGerne k\u00f6nnen Fragen rund um die Themen Erziehung, Schwangerschaft, \nkindliche Entwicklung, Ern\u00e4hrung, Gesundheit etc. mitgebracht werden.<\/p>\n\n\n\n<p>Das Angebot ist <strong>kostenfrei<\/strong>. Eine Anmeldung ist nicht erforderlich.<\/p>\n\n\n\n<p>Bei Fragen und f\u00fcr weiterf\u00fchrende Informationen wenden Sie sich bitte an Frau Graze (06202\/593525, <a href=\"mailto:atemraum@aol.com\">atemraum@aol.com<\/a>).<strong>D<\/strong><\/p>\n","protected":false},"excerpt":{"rendered":"<p>Ab Mittwoch, 15. Juli 2020, findet unter Einhaltung entsprechender Hygieneregeln endlich wieder w\u00f6chentlich mittwochs ab 14 Uhr der&nbsp;integrative offene Elterntreff f\u00fcr Eltern, werdende Eltern und Gro\u00dfeltern aller Nationalit\u00e4t und Herkunft statt. Das \u00fcber das Landesprogramm ST\u00c4RKE finanzierte Angebot wird von der Dipl.-Soz. P\u00e4d. Heide Graze im Unterrichtsraum des Siegwald-Kehder-Hauses (Mannheimer Str. 19-29, Untergeschoss) ausgerichtet. Der [&hellip;]<\/p>\n","protected":false},"author":3,"featured_media":0,"comment_status":"closed","ping_status":"closed","sticky":false,"template":"","format":"standard","meta":{"footnotes":""},"categories":[1],"tags":[],"class_list":["post-900","post","type-post","status-publish","format-standard","hentry","category-uncategorized"],"_links":{"self":[{"href":"http:\/\/asylkreis-oftersheim.de\/index.php?rest_route=\/wp\/v2\/posts\/900","targetHints":{"allow":["GET"]}}],"collection":[{"href":"http:\/\/asylkreis-oftersheim.de\/index.php?rest_route=\/wp\/v2\/posts"}],"about":[{"href":"http:\/\/asylkreis-oftersheim.de\/index.php?rest_route=\/wp\/v2\/types\/post"}],"author":[{"embeddable":true,"href":"http:\/\/asylkreis-oftersheim.de\/index.php?rest_route=\/wp\/v2\/users\/3"}],"replies":[{"embeddable":true,"href":"http:\/\/asylkreis-oftersheim.de\/index.php?rest_route=%2Fwp%2Fv2%2Fcomments&post=900"}],"version-history":[{"count":5,"href":"http:\/\/asylkreis-oftersheim.de\/index.php?rest_route=\/wp\/v2\/posts\/900\/revisions"}],"predecessor-version":[{"id":944,"href":"http:\/\/asylkreis-oftersheim.de\/index.php?rest_route=\/wp\/v2\/posts\/900\/revisions\/944"}],"wp:attachment":[{"href":"http:\/\/asylkreis-oftersheim.de\/index.php?rest_route=%2Fwp%2Fv2%2Fmedia&parent=900"}],"wp:term":[{"taxonomy":"category","embeddable":true,"href":"http:\/\/asylkreis-oftersheim.de\/index.php?rest_route=%2Fwp%2Fv2%2Fcategories&post=900"},{"taxonomy":"post_tag","embeddable":true,"href":"http:\/\/asylkreis-oftersheim.de\/index.php?rest_route=%2Fwp%2Fv2%2Ftags&post=900"}],"curies":[{"name":"wp","href":"https:\/\/api.w.org\/{rel}","templated":true}]}}