{"id":891,"date":"2020-01-06T16:29:53","date_gmt":"2020-01-06T15:29:53","guid":{"rendered":"http:\/\/asylkreis-oftersheim.de\/?p=891"},"modified":"2019-12-10T16:30:13","modified_gmt":"2019-12-10T15:30:13","slug":"herzliche-einladung-zur-ersten-teestunde-im-jahr-2020","status":"publish","type":"post","link":"http:\/\/asylkreis-oftersheim.de\/?p=891","title":{"rendered":"Herzliche Einladung zur ersten Teestunde im Jahr 2020"},"content":{"rendered":"\n<p>Der Asylkreis Oftersheim l\u00e4dt auch im neuen Jahr alle Gefl\u00fcchteten,\nEhrenamtliche und Interessierte zum gem\u00fctlichen Beisammensein und zum\nallgemeinen Austausch zur monatlich stattfindenden Teestunde ins evangelische\nGemeindehaus ein.&nbsp;<\/p>\n\n\n\n<div class=\"wp-block-image\"><figure class=\"alignright is-resized\"><img loading=\"lazy\" decoding=\"async\" src=\"http:\/\/asylkreis-oftersheim.de\/wp-content\/uploads\/2019\/08\/Teestunde-mit-Logo.jpg\" alt=\"\" class=\"wp-image-833\" width=\"247\" height=\"224\" srcset=\"http:\/\/asylkreis-oftersheim.de\/wp-content\/uploads\/2019\/08\/Teestunde-mit-Logo.jpg 532w, http:\/\/asylkreis-oftersheim.de\/wp-content\/uploads\/2019\/08\/Teestunde-mit-Logo-300x272.jpg 300w\" sizes=\"auto, (max-width: 247px) 100vw, 247px\" \/><\/figure><\/div>\n\n\n\n<p><strong>Wir treffen uns am Donnerstag,\ndem 16.01.2020 im ev. Gemeindehaus von 15.00 bis 16.30 Uhr.&nbsp;<\/strong><\/p>\n\n\n\n<p>Wir freuen uns, Sie bei der Teestunde begr\u00fc\u00dfen zu d\u00fcrfen!<\/p>\n","protected":false},"excerpt":{"rendered":"<p>Der Asylkreis Oftersheim l\u00e4dt auch im neuen Jahr alle Gefl\u00fcchteten, Ehrenamtliche und Interessierte zum gem\u00fctlichen Beisammensein und zum allgemeinen Austausch zur monatlich stattfindenden Teestunde ins evangelische Gemeindehaus ein.&nbsp; Wir treffen uns am Donnerstag, dem 16.01.2020 im ev. Gemeindehaus von 15.00 bis 16.30 Uhr.&nbsp; Wir freuen uns, Sie bei der Teestunde begr\u00fc\u00dfen zu d\u00fcrfen!<\/p>\n","protected":false},"author":3,"featured_media":0,"comment_status":"closed","ping_status":"closed","sticky":false,"template":"","format":"standard","meta":{"footnotes":""},"categories":[1],"tags":[],"class_list":["post-891","post","type-post","status-publish","format-standard","hentry","category-uncategorized"],"_links":{"self":[{"href":"http:\/\/asylkreis-oftersheim.de\/index.php?rest_route=\/wp\/v2\/posts\/891","targetHints":{"allow":["GET"]}}],"collection":[{"href":"http:\/\/asylkreis-oftersheim.de\/index.php?rest_route=\/wp\/v2\/posts"}],"about":[{"href":"http:\/\/asylkreis-oftersheim.de\/index.php?rest_route=\/wp\/v2\/types\/post"}],"author":[{"embeddable":true,"href":"http:\/\/asylkreis-oftersheim.de\/index.php?rest_route=\/wp\/v2\/users\/3"}],"replies":[{"embeddable":true,"href":"http:\/\/asylkreis-oftersheim.de\/index.php?rest_route=%2Fwp%2Fv2%2Fcomments&post=891"}],"version-history":[{"count":2,"href":"http:\/\/asylkreis-oftersheim.de\/index.php?rest_route=\/wp\/v2\/posts\/891\/revisions"}],"predecessor-version":[{"id":893,"href":"http:\/\/asylkreis-oftersheim.de\/index.php?rest_route=\/wp\/v2\/posts\/891\/revisions\/893"}],"wp:attachment":[{"href":"http:\/\/asylkreis-oftersheim.de\/index.php?rest_route=%2Fwp%2Fv2%2Fmedia&parent=891"}],"wp:term":[{"taxonomy":"category","embeddable":true,"href":"http:\/\/asylkreis-oftersheim.de\/index.php?rest_route=%2Fwp%2Fv2%2Fcategories&post=891"},{"taxonomy":"post_tag","embeddable":true,"href":"http:\/\/asylkreis-oftersheim.de\/index.php?rest_route=%2Fwp%2Fv2%2Ftags&post=891"}],"curies":[{"name":"wp","href":"https:\/\/api.w.org\/{rel}","templated":true}]}}