{"id":866,"date":"2019-11-23T07:48:01","date_gmt":"2019-11-23T06:48:01","guid":{"rendered":"http:\/\/asylkreis-oftersheim.de\/?p=866"},"modified":"2019-11-15T07:48:38","modified_gmt":"2019-11-15T06:48:38","slug":"herzliche-einladung-zum-begegnungscafe-welcome-14","status":"publish","type":"post","link":"http:\/\/asylkreis-oftersheim.de\/?p=866","title":{"rendered":"Herzliche Einladung zum Begegnungscaf\u00e9 \u201eWelcome\u201c"},"content":{"rendered":"\n<p>Das\nletzte Begegnungscaf\u00e9 des Jahres 2019 findet unter dem Motto <strong>\u201eEin Teller Heimat\u201c<\/strong> am <strong>Donnerstag, dem 05. Dezember,&nbsp; ab 18.30 Uhr<\/strong> <strong>im Josefshaus<\/strong> in der Bismarckstra\u00dfe statt. <\/p>\n\n\n\n<p>Alle\nTeilnehmenden sind herzlich eingeladen, einen Teller mit Leckereien speziell\naus ihrer Heimat mitzubringen. Durch das bunte Buffet haben wir die\nM\u00f6glichkeit, die Heimat unserer Mitmenschen auf kulinarische Weise\nkennenzulernen. <\/p>\n\n\n\n<p>Besonders\ndie Kinder, aber auch die Erwachsenen k\u00f6nnen sich auf den Nikolaus\nh\u00f6chstpers\u00f6nlich freuen und sogar mit einer <strong>Nikolaus\u00fcberraschung<\/strong> rechnen.<\/p>\n\n\n\n<figure class=\"wp-block-image\"><img loading=\"lazy\" decoding=\"async\" width=\"1024\" height=\"768\" src=\"http:\/\/asylkreis-oftersheim.de\/wp-content\/uploads\/2017\/12\/Foto-Nikolaus-1024x768.jpg\" alt=\"\" class=\"wp-image-423\" srcset=\"http:\/\/asylkreis-oftersheim.de\/wp-content\/uploads\/2017\/12\/Foto-Nikolaus-1024x768.jpg 1024w, http:\/\/asylkreis-oftersheim.de\/wp-content\/uploads\/2017\/12\/Foto-Nikolaus-300x225.jpg 300w, http:\/\/asylkreis-oftersheim.de\/wp-content\/uploads\/2017\/12\/Foto-Nikolaus-768x576.jpg 768w\" sizes=\"auto, (max-width: 1024px) 100vw, 1024px\" \/><\/figure>\n\n\n\n<p>Bei Fragen zum Begegnungscaf\u00e9 k\u00f6nnen Sie sich an die Ansprechpartnerin des Asylkreises, Heidi Joos (<a href=\"mailto:Heidi.Joos@Asylkreis-Oftersheim.de\">Heidi.Joos@Asylkreis-Oftersheim.de<\/a>), oder an die Integrationsbeauftragte der Gemeinde Oftersheim, Maria Theresia Tzschoppe (<a href=\"mailto:Fluechtlinge@Oftersheim.de\">Fluechtlinge@Oftersheim.de<\/a>) wenden. <\/p>\n","protected":false},"excerpt":{"rendered":"<p>Das letzte Begegnungscaf\u00e9 des Jahres 2019 findet unter dem Motto \u201eEin Teller Heimat\u201c am Donnerstag, dem 05. Dezember,&nbsp; ab 18.30 Uhr im Josefshaus in der Bismarckstra\u00dfe statt. Alle Teilnehmenden sind herzlich eingeladen, einen Teller mit Leckereien speziell aus ihrer Heimat mitzubringen. Durch das bunte Buffet haben wir die M\u00f6glichkeit, die Heimat unserer Mitmenschen auf kulinarische [&hellip;]<\/p>\n","protected":false},"author":3,"featured_media":0,"comment_status":"closed","ping_status":"closed","sticky":false,"template":"","format":"standard","meta":{"footnotes":""},"categories":[1],"tags":[],"class_list":["post-866","post","type-post","status-publish","format-standard","hentry","category-uncategorized"],"_links":{"self":[{"href":"http:\/\/asylkreis-oftersheim.de\/index.php?rest_route=\/wp\/v2\/posts\/866","targetHints":{"allow":["GET"]}}],"collection":[{"href":"http:\/\/asylkreis-oftersheim.de\/index.php?rest_route=\/wp\/v2\/posts"}],"about":[{"href":"http:\/\/asylkreis-oftersheim.de\/index.php?rest_route=\/wp\/v2\/types\/post"}],"author":[{"embeddable":true,"href":"http:\/\/asylkreis-oftersheim.de\/index.php?rest_route=\/wp\/v2\/users\/3"}],"replies":[{"embeddable":true,"href":"http:\/\/asylkreis-oftersheim.de\/index.php?rest_route=%2Fwp%2Fv2%2Fcomments&post=866"}],"version-history":[{"count":1,"href":"http:\/\/asylkreis-oftersheim.de\/index.php?rest_route=\/wp\/v2\/posts\/866\/revisions"}],"predecessor-version":[{"id":867,"href":"http:\/\/asylkreis-oftersheim.de\/index.php?rest_route=\/wp\/v2\/posts\/866\/revisions\/867"}],"wp:attachment":[{"href":"http:\/\/asylkreis-oftersheim.de\/index.php?rest_route=%2Fwp%2Fv2%2Fmedia&parent=866"}],"wp:term":[{"taxonomy":"category","embeddable":true,"href":"http:\/\/asylkreis-oftersheim.de\/index.php?rest_route=%2Fwp%2Fv2%2Fcategories&post=866"},{"taxonomy":"post_tag","embeddable":true,"href":"http:\/\/asylkreis-oftersheim.de\/index.php?rest_route=%2Fwp%2Fv2%2Ftags&post=866"}],"curies":[{"name":"wp","href":"https:\/\/api.w.org\/{rel}","templated":true}]}}