{"id":851,"date":"2019-11-07T09:05:10","date_gmt":"2019-11-07T08:05:10","guid":{"rendered":"http:\/\/asylkreis-oftersheim.de\/?p=851"},"modified":"2019-11-15T07:33:57","modified_gmt":"2019-11-15T06:33:57","slug":"herzliche-einladung-zur-letzten-teestunde-in-diesem-jahr","status":"publish","type":"post","link":"http:\/\/asylkreis-oftersheim.de\/?p=851","title":{"rendered":"Herzliche Einladung zur letzten Teestunde in diesem Jahr"},"content":{"rendered":"\n<div class=\"wp-block-image\"><figure class=\"alignright is-resized\"><img loading=\"lazy\" decoding=\"async\" src=\"http:\/\/asylkreis-oftersheim.de\/wp-content\/uploads\/2019\/08\/Teestunde-mit-Logo.jpg\" alt=\"\" class=\"wp-image-833\" width=\"236\" height=\"214\" srcset=\"http:\/\/asylkreis-oftersheim.de\/wp-content\/uploads\/2019\/08\/Teestunde-mit-Logo.jpg 532w, http:\/\/asylkreis-oftersheim.de\/wp-content\/uploads\/2019\/08\/Teestunde-mit-Logo-300x272.jpg 300w\" sizes=\"auto, (max-width: 236px) 100vw, 236px\" \/><\/figure><\/div>\n\n\n\n<p>Der Asylkreis Oftersheim l\u00e4dt alle Gefl\u00fcchteten, Ehrenamtliche und Interessierte zum gem\u00fctlichen Austausch und zur Kl\u00e4rung von Fragen zur monatlich stattfindenden Teestunde ins evangelische Gemeindehaus ein.<\/p>\n\n\n\n<p> Treffpunkt ist am 21.11.2019 im ev. Gemeindehaus von 15.00 bis 16.30 Uhr.\u00a0 \u00a0<\/p>\n\n\n\n<p>Zum Jahresabschluss werden wir gemeinsam Waffeln backen. <\/p>\n\n\n\n<p><strong>Alle Beteiligten&nbsp;freuen sich&nbsp;auf Ihre Teilnahme!<\/strong><\/p>\n","protected":false},"excerpt":{"rendered":"<p>Der Asylkreis Oftersheim l\u00e4dt alle Gefl\u00fcchteten, Ehrenamtliche und Interessierte zum gem\u00fctlichen Austausch und zur Kl\u00e4rung von Fragen zur monatlich stattfindenden Teestunde ins evangelische Gemeindehaus ein. Treffpunkt ist am 21.11.2019 im ev. Gemeindehaus von 15.00 bis 16.30 Uhr.\u00a0 \u00a0 Zum Jahresabschluss werden wir gemeinsam Waffeln backen. Alle Beteiligten&nbsp;freuen sich&nbsp;auf Ihre Teilnahme!<\/p>\n","protected":false},"author":3,"featured_media":0,"comment_status":"closed","ping_status":"closed","sticky":false,"template":"","format":"standard","meta":{"footnotes":""},"categories":[1],"tags":[],"class_list":["post-851","post","type-post","status-publish","format-standard","hentry","category-uncategorized"],"_links":{"self":[{"href":"http:\/\/asylkreis-oftersheim.de\/index.php?rest_route=\/wp\/v2\/posts\/851","targetHints":{"allow":["GET"]}}],"collection":[{"href":"http:\/\/asylkreis-oftersheim.de\/index.php?rest_route=\/wp\/v2\/posts"}],"about":[{"href":"http:\/\/asylkreis-oftersheim.de\/index.php?rest_route=\/wp\/v2\/types\/post"}],"author":[{"embeddable":true,"href":"http:\/\/asylkreis-oftersheim.de\/index.php?rest_route=\/wp\/v2\/users\/3"}],"replies":[{"embeddable":true,"href":"http:\/\/asylkreis-oftersheim.de\/index.php?rest_route=%2Fwp%2Fv2%2Fcomments&post=851"}],"version-history":[{"count":3,"href":"http:\/\/asylkreis-oftersheim.de\/index.php?rest_route=\/wp\/v2\/posts\/851\/revisions"}],"predecessor-version":[{"id":865,"href":"http:\/\/asylkreis-oftersheim.de\/index.php?rest_route=\/wp\/v2\/posts\/851\/revisions\/865"}],"wp:attachment":[{"href":"http:\/\/asylkreis-oftersheim.de\/index.php?rest_route=%2Fwp%2Fv2%2Fmedia&parent=851"}],"wp:term":[{"taxonomy":"category","embeddable":true,"href":"http:\/\/asylkreis-oftersheim.de\/index.php?rest_route=%2Fwp%2Fv2%2Fcategories&post=851"},{"taxonomy":"post_tag","embeddable":true,"href":"http:\/\/asylkreis-oftersheim.de\/index.php?rest_route=%2Fwp%2Fv2%2Ftags&post=851"}],"curies":[{"name":"wp","href":"https:\/\/api.w.org\/{rel}","templated":true}]}}