{"id":819,"date":"2019-07-23T10:36:52","date_gmt":"2019-07-23T09:36:52","guid":{"rendered":"http:\/\/asylkreis-oftersheim.de\/?p=819"},"modified":"2019-07-23T10:36:52","modified_gmt":"2019-07-23T09:36:52","slug":"gruppe-des-internationalen-gartens-besucht-die-buga","status":"publish","type":"post","link":"http:\/\/asylkreis-oftersheim.de\/?p=819","title":{"rendered":"Gruppe des Internationalen Gartens besucht die BUGA"},"content":{"rendered":"\n<p>Am 20. Juli war es endlich soweit. Der Wunsch, der bereits im Fr\u00fchjahr beim Plenum des Asylkreises ge\u00e4u\u00dfert wurde, wurde wahr: Die Gruppe des Internationalen Gartens sowie weitere Interessierte besuchten im Rahmen des F\u00f6rderprojekts von \u201eGemeinsam in Vielfalt III\u201c die Bundesgartenschau in Heilbronn. Insgesamt 35 Personen \u2013 davon 15 Kinder \u2013 kamen zusammen, um gemeinsam mit dem Zug die von der kommunalen Integrationsbeauftragten organisierte Fahrt zur BUGA anzutreten.<\/p>\n\n\n\n<p>In Heilbronn angekommen gab es viel zu sehen. Unter dem\nMotto \u201eBl\u00fchendes Leben\u201c erstrahlte das Gel\u00e4nde in den sch\u00f6nsten Farben. Gleich\nzu Beginn besuchte die gesamte Gruppe den IKUGA \u2013 den Interkulturellen Garten.\nDieser wird ebenso wie der Internationale Garten in Oftersheim von Freiwilligen\nverschiedener nationaler und kultureller Herkunft bewirtschaftet. Auff\u00e4llig\nwar, dass vor allem jene Gartenareale besonders sch\u00f6n aussahen, in die\noffensichtlich die meiste Arbeit und Zeit investiert wurde. Bei einem\ngem\u00fctlichen Picknick im Schatten am Rande des IKUGA diskutierte die Gruppe\ndar\u00fcber, welche Aufgaben notwendige Voraussetzung f\u00fcr einen gepflegten Garten\nsind. <\/p>\n\n\n\n<figure class=\"wp-block-image\"><img loading=\"lazy\" decoding=\"async\" width=\"1024\" height=\"589\" src=\"http:\/\/asylkreis-oftersheim.de\/wp-content\/uploads\/2019\/07\/BUGA-Besuch-1-1024x589.jpg\" alt=\"\" class=\"wp-image-822\" srcset=\"http:\/\/asylkreis-oftersheim.de\/wp-content\/uploads\/2019\/07\/BUGA-Besuch-1-1024x589.jpg 1024w, http:\/\/asylkreis-oftersheim.de\/wp-content\/uploads\/2019\/07\/BUGA-Besuch-1-300x173.jpg 300w, http:\/\/asylkreis-oftersheim.de\/wp-content\/uploads\/2019\/07\/BUGA-Besuch-1-768x442.jpg 768w, http:\/\/asylkreis-oftersheim.de\/wp-content\/uploads\/2019\/07\/BUGA-Besuch-1.jpg 1465w\" sizes=\"auto, (max-width: 1024px) 100vw, 1024px\" \/><\/figure>\n\n\n\n<p>Im Anschluss wurde das BUGA-Gel\u00e4nde in kleineren Gruppen\nerkundet. Nat\u00fcrlich wurde auch der Wasserspielplatz besucht, der vor allem die\nKinder begeisterte. <\/p>\n\n\n\n<p>Am Abend eines eindrucksreichen und sch\u00f6nen Tages trat\ndie Gruppe wieder die Zugfahrt nach Hause an \u2013 voller Inspirationen und Ideen\nim Gep\u00e4ck f\u00fcr unseren Internationalen Garten. <\/p>\n\n\n\n<p>Der Ausflug wurde unterst\u00fctzt durch das Ministerium f\u00fcr\nSoziales und Integration aus Mitteln des Landes Baden-W\u00fcrttemberg.<\/p>\n\n\n\n<div class=\"wp-block-image\"><figure class=\"aligncenter is-resized\"><img loading=\"lazy\" decoding=\"async\" src=\"http:\/\/asylkreis-oftersheim.de\/wp-content\/uploads\/2019\/07\/Logo-Sozialministerium.png\" alt=\"\" class=\"wp-image-820\" width=\"190\" height=\"79\" srcset=\"http:\/\/asylkreis-oftersheim.de\/wp-content\/uploads\/2019\/07\/Logo-Sozialministerium.png 832w, http:\/\/asylkreis-oftersheim.de\/wp-content\/uploads\/2019\/07\/Logo-Sozialministerium-300x125.png 300w, http:\/\/asylkreis-oftersheim.de\/wp-content\/uploads\/2019\/07\/Logo-Sozialministerium-768x321.png 768w\" sizes=\"auto, (max-width: 190px) 100vw, 190px\" \/><\/figure><\/div>\n","protected":false},"excerpt":{"rendered":"<p>Am 20. Juli war es endlich soweit. Der Wunsch, der bereits im Fr\u00fchjahr beim Plenum des Asylkreises ge\u00e4u\u00dfert wurde, wurde wahr: Die Gruppe des Internationalen Gartens sowie weitere Interessierte besuchten im Rahmen des F\u00f6rderprojekts von \u201eGemeinsam in Vielfalt III\u201c die Bundesgartenschau in Heilbronn. Insgesamt 35 Personen \u2013 davon 15 Kinder \u2013 kamen zusammen, um gemeinsam [&hellip;]<\/p>\n","protected":false},"author":3,"featured_media":0,"comment_status":"closed","ping_status":"closed","sticky":false,"template":"","format":"standard","meta":{"footnotes":""},"categories":[1],"tags":[],"class_list":["post-819","post","type-post","status-publish","format-standard","hentry","category-uncategorized"],"_links":{"self":[{"href":"http:\/\/asylkreis-oftersheim.de\/index.php?rest_route=\/wp\/v2\/posts\/819","targetHints":{"allow":["GET"]}}],"collection":[{"href":"http:\/\/asylkreis-oftersheim.de\/index.php?rest_route=\/wp\/v2\/posts"}],"about":[{"href":"http:\/\/asylkreis-oftersheim.de\/index.php?rest_route=\/wp\/v2\/types\/post"}],"author":[{"embeddable":true,"href":"http:\/\/asylkreis-oftersheim.de\/index.php?rest_route=\/wp\/v2\/users\/3"}],"replies":[{"embeddable":true,"href":"http:\/\/asylkreis-oftersheim.de\/index.php?rest_route=%2Fwp%2Fv2%2Fcomments&post=819"}],"version-history":[{"count":3,"href":"http:\/\/asylkreis-oftersheim.de\/index.php?rest_route=\/wp\/v2\/posts\/819\/revisions"}],"predecessor-version":[{"id":825,"href":"http:\/\/asylkreis-oftersheim.de\/index.php?rest_route=\/wp\/v2\/posts\/819\/revisions\/825"}],"wp:attachment":[{"href":"http:\/\/asylkreis-oftersheim.de\/index.php?rest_route=%2Fwp%2Fv2%2Fmedia&parent=819"}],"wp:term":[{"taxonomy":"category","embeddable":true,"href":"http:\/\/asylkreis-oftersheim.de\/index.php?rest_route=%2Fwp%2Fv2%2Fcategories&post=819"},{"taxonomy":"post_tag","embeddable":true,"href":"http:\/\/asylkreis-oftersheim.de\/index.php?rest_route=%2Fwp%2Fv2%2Ftags&post=819"}],"curies":[{"name":"wp","href":"https:\/\/api.w.org\/{rel}","templated":true}]}}