{"id":815,"date":"2019-07-18T13:29:39","date_gmt":"2019-07-18T12:29:39","guid":{"rendered":"http:\/\/asylkreis-oftersheim.de\/?p=815"},"modified":"2019-07-18T13:29:39","modified_gmt":"2019-07-18T12:29:39","slug":"das-sommerfest-war-ein-voller-erfolg","status":"publish","type":"post","link":"http:\/\/asylkreis-oftersheim.de\/?p=815","title":{"rendered":"Das Sommerfest war ein voller Erfolg!"},"content":{"rendered":"\n<p>Hinter der Grillh\u00fctte toben Kinder \u00fcber die Wiese, spielen mit den Ger\u00e4ten des Spielmobils und laufen die D\u00fcne hinauf. Was gerade vor der H\u00fctte geschieht, ist ihnen gar nicht so wichtig. <\/p>\n\n\n\n<div class=\"wp-block-image\"><figure class=\"alignright is-resized\"><img loading=\"lazy\" decoding=\"async\" src=\"http:\/\/asylkreis-oftersheim.de\/wp-content\/uploads\/2019\/07\/Bild-2-1024x971.png\" alt=\"\" class=\"wp-image-816\" width=\"239\" height=\"226\" srcset=\"http:\/\/asylkreis-oftersheim.de\/wp-content\/uploads\/2019\/07\/Bild-2-1024x971.png 1024w, http:\/\/asylkreis-oftersheim.de\/wp-content\/uploads\/2019\/07\/Bild-2-300x285.png 300w, http:\/\/asylkreis-oftersheim.de\/wp-content\/uploads\/2019\/07\/Bild-2-768x728.png 768w\" sizes=\"auto, (max-width: 239px) 100vw, 239px\" \/><\/figure><\/div>\n\n\n\n<p>Daf\u00fcr lauschen ihre Eltern, als Heidi Joos, die Sprecherin des Asylkreises, gemeinsam mit B\u00fcrgermeister Jens Gei\u00df ans Mikrophon geht und zum Sommerfest des Asylkreises begr\u00fc\u00dft.<\/p>\n\n\n\n<p>Die\nj\u00e4hrliche Feier der Oftersheimer und den ihnen schon vertrauten Familien, die\nvor Krieg und Vertreibung hierher geflohen waren, war wieder gut besucht. \u201eManche\nkenne ich gar nicht\u201c, sagt ein junger Afghane, der vor mehr als drei Jahren in\nder Hallenunterkunft am Hardtwald unterkam. Er hat gerade eine Pr\u00fcfung an der\nBerufsschule abgelegt und wird als Schneider Kleider und Anz\u00fcge anpassen und\nn\u00e4hen. Er wohnt zwar in Ilvesheim, aber der Einladung zum Fest in Oftersheim\nist er gemeinsam mit seinen Freunden gerne gefolgt.<\/p>\n\n\n\n<p>Dass die\nKinder das Fest in diesem Jahr besonders pr\u00e4gen, liegt an der\nFamilienzusammenf\u00fchrung der beiden letzten Jahre. Und daran, dass besonders\nFamilien mit Kindern der Gemeinde Oftersheim zugewiesen wurden. Einige, die schon\nfr\u00fch Arbeit gefunden haben und je nach Qualifikation und Arbeitgeber gut\nverdienen, kommen mit dem eigenen Auto. Es gibt viel zu transportieren:\nKinderwagen und ihre Beitr\u00e4ge zu dem internationalen Buffet brauchen Platz. <\/p>\n\n\n\n<p>Heidi Joos\nhat viel mit der Vorbereitung des Sommerfestes zu tun gehabt. Die rund 20\nHelferinnen und Helfer haben f\u00fcr die vielen G\u00e4ste genug Arbeit. \u201eDa sind mehr\ndabei als mir gerade an Namen einf\u00e4llt\u201c, sagt sie. \u201eDa macht immer jemand etwas\nim Verborgenen, damit das Fest klappt.\u201c Einen Namen erw\u00e4hnt Jens Gei\u00df in seiner\nkurzen Ansprache doch noch: \u201eFrau Maria Tzschoppe hat richtig viel f\u00fcr die Vorbereitung\ngemacht, das ist gar nicht so selbstverst\u00e4ndlich.\u201c<\/p>\n\n\n\n<p>Dass die\nGefl\u00fcchteten wirklich in Oftersheim angekommen sind, berichtet er aus Sicht der\nGemeindeverwaltung gerne. Er nennt Nawras Al Dari, der als Hausmeister wirkt,\nund den Bauhofmitarbeiter Abdasalam Al-Khatib. Sie tragen dazu bei, dass die\nGemeinde ihren Dienst an den Mitb\u00fcrgern gut machen kann.<\/p>\n\n\n\n<p>Bald wird\ndie Musik rhythmischer. Die ersten gehen vor zur H\u00fctte und tanzen. Lange dauert\nes nicht, bis dort Jung und Alt gemeinsam den Sonntag, den etwas verdeckten\nSommer und das Fest des Asylkreises feiern.<\/p>\n\n\n\n<figure class=\"wp-block-image\"><img loading=\"lazy\" decoding=\"async\" width=\"1024\" height=\"768\" src=\"http:\/\/asylkreis-oftersheim.de\/wp-content\/uploads\/2019\/07\/Bild-3-1024x768.png\" alt=\"\" class=\"wp-image-817\" srcset=\"http:\/\/asylkreis-oftersheim.de\/wp-content\/uploads\/2019\/07\/Bild-3-1024x768.png 1024w, http:\/\/asylkreis-oftersheim.de\/wp-content\/uploads\/2019\/07\/Bild-3-300x225.png 300w, http:\/\/asylkreis-oftersheim.de\/wp-content\/uploads\/2019\/07\/Bild-3-768x576.png 768w\" sizes=\"auto, (max-width: 1024px) 100vw, 1024px\" \/><\/figure>\n\n\n\n<p>Andreas Heisel<\/p>\n","protected":false},"excerpt":{"rendered":"<p>Hinter der Grillh\u00fctte toben Kinder \u00fcber die Wiese, spielen mit den Ger\u00e4ten des Spielmobils und laufen die D\u00fcne hinauf. Was gerade vor der H\u00fctte geschieht, ist ihnen gar nicht so wichtig. Daf\u00fcr lauschen ihre Eltern, als Heidi Joos, die Sprecherin des Asylkreises, gemeinsam mit B\u00fcrgermeister Jens Gei\u00df ans Mikrophon geht und zum Sommerfest des Asylkreises [&hellip;]<\/p>\n","protected":false},"author":3,"featured_media":0,"comment_status":"closed","ping_status":"closed","sticky":false,"template":"","format":"standard","meta":{"footnotes":""},"categories":[1],"tags":[],"class_list":["post-815","post","type-post","status-publish","format-standard","hentry","category-uncategorized"],"_links":{"self":[{"href":"http:\/\/asylkreis-oftersheim.de\/index.php?rest_route=\/wp\/v2\/posts\/815","targetHints":{"allow":["GET"]}}],"collection":[{"href":"http:\/\/asylkreis-oftersheim.de\/index.php?rest_route=\/wp\/v2\/posts"}],"about":[{"href":"http:\/\/asylkreis-oftersheim.de\/index.php?rest_route=\/wp\/v2\/types\/post"}],"author":[{"embeddable":true,"href":"http:\/\/asylkreis-oftersheim.de\/index.php?rest_route=\/wp\/v2\/users\/3"}],"replies":[{"embeddable":true,"href":"http:\/\/asylkreis-oftersheim.de\/index.php?rest_route=%2Fwp%2Fv2%2Fcomments&post=815"}],"version-history":[{"count":1,"href":"http:\/\/asylkreis-oftersheim.de\/index.php?rest_route=\/wp\/v2\/posts\/815\/revisions"}],"predecessor-version":[{"id":818,"href":"http:\/\/asylkreis-oftersheim.de\/index.php?rest_route=\/wp\/v2\/posts\/815\/revisions\/818"}],"wp:attachment":[{"href":"http:\/\/asylkreis-oftersheim.de\/index.php?rest_route=%2Fwp%2Fv2%2Fmedia&parent=815"}],"wp:term":[{"taxonomy":"category","embeddable":true,"href":"http:\/\/asylkreis-oftersheim.de\/index.php?rest_route=%2Fwp%2Fv2%2Fcategories&post=815"},{"taxonomy":"post_tag","embeddable":true,"href":"http:\/\/asylkreis-oftersheim.de\/index.php?rest_route=%2Fwp%2Fv2%2Ftags&post=815"}],"curies":[{"name":"wp","href":"https:\/\/api.w.org\/{rel}","templated":true}]}}