{"id":802,"date":"2019-06-28T08:23:51","date_gmt":"2019-06-28T07:23:51","guid":{"rendered":"http:\/\/asylkreis-oftersheim.de\/?p=802"},"modified":"2019-06-24T08:32:00","modified_gmt":"2019-06-24T07:32:00","slug":"herzliche-einladung-zur-teestunde-5","status":"publish","type":"post","link":"http:\/\/asylkreis-oftersheim.de\/?p=802","title":{"rendered":"Herzliche Einladung zur Teestunde"},"content":{"rendered":"\n<p>Der Asylkreis Oftersheim l\u00e4dt alle Gefl\u00fcchteten, Ehrenamtliche und Interessierte zum gem\u00fctlichen Austausch und zur Kl\u00e4rung von Fragen zur monatlich stattfindenden Teestunde ins <strong>evangelische Gemeindehaus <\/strong>ein. <\/p>\n\n\n\n<p>Die n\u00e4chste Teestunde ist am\u00a0<strong>Donnerstag, dem 11. Juli von 15.00 bis 16.30 Uhr<\/strong>. <\/p>\n\n\n\n<p>Wir freuen uns auf Ihre Teilnahme!<\/p>\n","protected":false},"excerpt":{"rendered":"<p>Der Asylkreis Oftersheim l\u00e4dt alle Gefl\u00fcchteten, Ehrenamtliche und Interessierte zum gem\u00fctlichen Austausch und zur Kl\u00e4rung von Fragen zur monatlich stattfindenden Teestunde ins evangelische Gemeindehaus ein. Die n\u00e4chste Teestunde ist am\u00a0Donnerstag, dem 11. Juli von 15.00 bis 16.30 Uhr. Wir freuen uns auf Ihre Teilnahme!<\/p>\n","protected":false},"author":3,"featured_media":0,"comment_status":"closed","ping_status":"closed","sticky":false,"template":"","format":"standard","meta":{"footnotes":""},"categories":[1],"tags":[],"class_list":["post-802","post","type-post","status-publish","format-standard","hentry","category-uncategorized"],"_links":{"self":[{"href":"http:\/\/asylkreis-oftersheim.de\/index.php?rest_route=\/wp\/v2\/posts\/802","targetHints":{"allow":["GET"]}}],"collection":[{"href":"http:\/\/asylkreis-oftersheim.de\/index.php?rest_route=\/wp\/v2\/posts"}],"about":[{"href":"http:\/\/asylkreis-oftersheim.de\/index.php?rest_route=\/wp\/v2\/types\/post"}],"author":[{"embeddable":true,"href":"http:\/\/asylkreis-oftersheim.de\/index.php?rest_route=\/wp\/v2\/users\/3"}],"replies":[{"embeddable":true,"href":"http:\/\/asylkreis-oftersheim.de\/index.php?rest_route=%2Fwp%2Fv2%2Fcomments&post=802"}],"version-history":[{"count":1,"href":"http:\/\/asylkreis-oftersheim.de\/index.php?rest_route=\/wp\/v2\/posts\/802\/revisions"}],"predecessor-version":[{"id":803,"href":"http:\/\/asylkreis-oftersheim.de\/index.php?rest_route=\/wp\/v2\/posts\/802\/revisions\/803"}],"wp:attachment":[{"href":"http:\/\/asylkreis-oftersheim.de\/index.php?rest_route=%2Fwp%2Fv2%2Fmedia&parent=802"}],"wp:term":[{"taxonomy":"category","embeddable":true,"href":"http:\/\/asylkreis-oftersheim.de\/index.php?rest_route=%2Fwp%2Fv2%2Fcategories&post=802"},{"taxonomy":"post_tag","embeddable":true,"href":"http:\/\/asylkreis-oftersheim.de\/index.php?rest_route=%2Fwp%2Fv2%2Ftags&post=802"}],"curies":[{"name":"wp","href":"https:\/\/api.w.org\/{rel}","templated":true}]}}