{"id":799,"date":"2019-06-12T14:26:42","date_gmt":"2019-06-12T13:26:42","guid":{"rendered":"http:\/\/asylkreis-oftersheim.de\/?p=799"},"modified":"2019-05-28T14:27:16","modified_gmt":"2019-05-28T13:27:16","slug":"herzliche-einladung-zum-begegnungscafe-welcome-12","status":"publish","type":"post","link":"http:\/\/asylkreis-oftersheim.de\/?p=799","title":{"rendered":"Herzliche Einladung zum Begegnungscaf\u00e9 \u201eWelcome\u201c"},"content":{"rendered":"\n<p>Der\nAsylkreis Oftersheim l\u00e4dt alle Oftersheimer B\u00fcrgerinnen und B\u00fcrger sowie\nNeuzugezogene zu seinem <strong>29.\nBegegnungscaf\u00e9 \u201eWelcome\u201c<\/strong> am <strong>Donnerstag,\ndem 27. Juni <\/strong>ein! Wie gewohnt treffen wir uns <strong>ab 18.30 Uhr im Josefshaus<\/strong> in der Bismarckstra\u00dfe. <\/p>\n\n\n\n<p>Wir\nfreuen uns \u00fcber alle, die am Begegnungscaf\u00e9 teilnehmen und sich mit einer\nEssensspende engagieren m\u00f6chten. Bei Interesse nehmen Sie bitte Kontakt auf mit\nder Ansprechpartnerin des Asylkreises, Heidi Joos (<a href=\"mailto:Heidi.Joos@Asylkreis-Oftersheim.de\">Heidi.Joos@Asylkreis-Oftersheim.de<\/a>), oder mit der Integrationsbeauftragten\nder Gemeinde Oftersheim, Maria Theresia Tzschoppe (<a href=\"mailto:Fluechtlinge@Oftersheim.de\">Fluechtlinge@Oftersheim.de<\/a>). <\/p>\n\n\n\n<p>Vor dem Begegnungscaf\u00e9 um <strong>17 Uhr<\/strong> findet au\u00dferdem die asylkreisinterne <strong>Besprechung zur Planung des Sommerfests<\/strong> statt. Alle Asylkreismitglieder, die beim Sommerfest am 14. Juli tatkr\u00e4ftig mit anpacken m\u00f6chten, sind herzlich zur Teilnahme an der Besprechung eingeladen. <\/p>\n","protected":false},"excerpt":{"rendered":"<p>Der Asylkreis Oftersheim l\u00e4dt alle Oftersheimer B\u00fcrgerinnen und B\u00fcrger sowie Neuzugezogene zu seinem 29. Begegnungscaf\u00e9 \u201eWelcome\u201c am Donnerstag, dem 27. Juni ein! Wie gewohnt treffen wir uns ab 18.30 Uhr im Josefshaus in der Bismarckstra\u00dfe. Wir freuen uns \u00fcber alle, die am Begegnungscaf\u00e9 teilnehmen und sich mit einer Essensspende engagieren m\u00f6chten. Bei Interesse nehmen Sie [&hellip;]<\/p>\n","protected":false},"author":3,"featured_media":0,"comment_status":"closed","ping_status":"closed","sticky":false,"template":"","format":"standard","meta":{"footnotes":""},"categories":[1],"tags":[],"class_list":["post-799","post","type-post","status-publish","format-standard","hentry","category-uncategorized"],"_links":{"self":[{"href":"http:\/\/asylkreis-oftersheim.de\/index.php?rest_route=\/wp\/v2\/posts\/799","targetHints":{"allow":["GET"]}}],"collection":[{"href":"http:\/\/asylkreis-oftersheim.de\/index.php?rest_route=\/wp\/v2\/posts"}],"about":[{"href":"http:\/\/asylkreis-oftersheim.de\/index.php?rest_route=\/wp\/v2\/types\/post"}],"author":[{"embeddable":true,"href":"http:\/\/asylkreis-oftersheim.de\/index.php?rest_route=\/wp\/v2\/users\/3"}],"replies":[{"embeddable":true,"href":"http:\/\/asylkreis-oftersheim.de\/index.php?rest_route=%2Fwp%2Fv2%2Fcomments&post=799"}],"version-history":[{"count":1,"href":"http:\/\/asylkreis-oftersheim.de\/index.php?rest_route=\/wp\/v2\/posts\/799\/revisions"}],"predecessor-version":[{"id":800,"href":"http:\/\/asylkreis-oftersheim.de\/index.php?rest_route=\/wp\/v2\/posts\/799\/revisions\/800"}],"wp:attachment":[{"href":"http:\/\/asylkreis-oftersheim.de\/index.php?rest_route=%2Fwp%2Fv2%2Fmedia&parent=799"}],"wp:term":[{"taxonomy":"category","embeddable":true,"href":"http:\/\/asylkreis-oftersheim.de\/index.php?rest_route=%2Fwp%2Fv2%2Fcategories&post=799"},{"taxonomy":"post_tag","embeddable":true,"href":"http:\/\/asylkreis-oftersheim.de\/index.php?rest_route=%2Fwp%2Fv2%2Ftags&post=799"}],"curies":[{"name":"wp","href":"https:\/\/api.w.org\/{rel}","templated":true}]}}