{"id":772,"date":"2019-05-23T08:57:56","date_gmt":"2019-05-23T07:57:56","guid":{"rendered":"http:\/\/asylkreis-oftersheim.de\/?p=772"},"modified":"2019-05-23T08:57:56","modified_gmt":"2019-05-23T07:57:56","slug":"asylkreis-oftersheim-nahm-an-der-kampagne-platz-fuer-asyl-in-europa-teil","status":"publish","type":"post","link":"http:\/\/asylkreis-oftersheim.de\/?p=772","title":{"rendered":"Asylkreis Oftersheim nahm an der Kampagne \u201ePlatz f\u00fcr Asyl in Europa\u201c teil"},"content":{"rendered":"\n<p>Mit zwei bunten St\u00fchlen hat der Asylkreis sich an der Aktion \u201ePlatz f\u00fcr Asyl in Europa\u201c der Diakonie W\u00fcrttemberg beteiligt. In den monatlich stattfindenden Teestunden haben Gefl\u00fcchtete und Einheimische mit viel Liebe diese St\u00fchle gestaltet und sie nach Stuttgart gebracht.\u00a0So war es dann auch ein sch\u00f6nes buntes Bild, als verschiedene Personen und Kreise aus Baden-W\u00fcrttemberg ca. 1000 St\u00fchle auf dem Stuttgarter Marktplatz aufstellten und damit zum Ausdruck brachten, wie bunt, offen und vielf\u00e4ltig unsere Gesellschaft sein kann, in der auch Fl\u00fcchtlinge ihren Platz und ihren Schutz haben sollen.<\/p>\n\n\n\n<div class=\"wp-block-image\"><figure class=\"aligncenter is-resized\"><img loading=\"lazy\" decoding=\"async\" src=\"http:\/\/asylkreis-oftersheim.de\/wp-content\/uploads\/2019\/05\/Asylkreis-1-1024x682.jpg\" alt=\"\" class=\"wp-image-773\" width=\"525\" height=\"349\" srcset=\"http:\/\/asylkreis-oftersheim.de\/wp-content\/uploads\/2019\/05\/Asylkreis-1.jpg 1024w, http:\/\/asylkreis-oftersheim.de\/wp-content\/uploads\/2019\/05\/Asylkreis-1-300x200.jpg 300w, http:\/\/asylkreis-oftersheim.de\/wp-content\/uploads\/2019\/05\/Asylkreis-1-768x512.jpg 768w\" sizes=\"auto, (max-width: 525px) 100vw, 525px\" \/><figcaption>Fr. Staudigl, Hr. Bahmani und Fr. Frei vor den beiden Asylkreis-St\u00fchlen<\/figcaption><\/figure><\/div>\n\n\n\n<div class=\"wp-block-image\"><figure class=\"alignleft is-resized\"><img loading=\"lazy\" decoding=\"async\" src=\"http:\/\/asylkreis-oftersheim.de\/wp-content\/uploads\/2019\/05\/Asylkreis-2.jpg\" alt=\"\" class=\"wp-image-774\" width=\"110\" height=\"164\" srcset=\"http:\/\/asylkreis-oftersheim.de\/wp-content\/uploads\/2019\/05\/Asylkreis-2.jpg 512w, http:\/\/asylkreis-oftersheim.de\/wp-content\/uploads\/2019\/05\/Asylkreis-2-200x300.jpg 200w\" sizes=\"auto, (max-width: 110px) 100vw, 110px\" \/><\/figure><\/div>\n\n\n\n<p>Noch unter dem Eindruck von Terror und Verfolgung in unserem Land haben die V\u00e4ter und M\u00fctter unseres Grundgesetzes vor 70 Jahren den Artikel 16 a, das Recht auf Asyl, festgeschrieben. Die Kampagne \u201ePlatz f\u00fcr Asyl in Europa\u201c soll daran erinnern, dass Asyl ein Menschenrecht ist und Fl\u00fcchtlinge einen Platz in unserem Land, ja in ganz Europa bekommen m\u00fcssen. <\/p>\n\n\n\n<p>Heidi Joos<\/p>\n","protected":false},"excerpt":{"rendered":"<p>Mit zwei bunten St\u00fchlen hat der Asylkreis sich an der Aktion \u201ePlatz f\u00fcr Asyl in Europa\u201c der Diakonie W\u00fcrttemberg beteiligt. In den monatlich stattfindenden Teestunden haben Gefl\u00fcchtete und Einheimische mit viel Liebe diese St\u00fchle gestaltet und sie nach Stuttgart gebracht.\u00a0So war es dann auch ein sch\u00f6nes buntes Bild, als verschiedene Personen und Kreise aus Baden-W\u00fcrttemberg [&hellip;]<\/p>\n","protected":false},"author":3,"featured_media":0,"comment_status":"closed","ping_status":"closed","sticky":false,"template":"","format":"standard","meta":{"footnotes":""},"categories":[1],"tags":[],"class_list":["post-772","post","type-post","status-publish","format-standard","hentry","category-uncategorized"],"_links":{"self":[{"href":"http:\/\/asylkreis-oftersheim.de\/index.php?rest_route=\/wp\/v2\/posts\/772","targetHints":{"allow":["GET"]}}],"collection":[{"href":"http:\/\/asylkreis-oftersheim.de\/index.php?rest_route=\/wp\/v2\/posts"}],"about":[{"href":"http:\/\/asylkreis-oftersheim.de\/index.php?rest_route=\/wp\/v2\/types\/post"}],"author":[{"embeddable":true,"href":"http:\/\/asylkreis-oftersheim.de\/index.php?rest_route=\/wp\/v2\/users\/3"}],"replies":[{"embeddable":true,"href":"http:\/\/asylkreis-oftersheim.de\/index.php?rest_route=%2Fwp%2Fv2%2Fcomments&post=772"}],"version-history":[{"count":10,"href":"http:\/\/asylkreis-oftersheim.de\/index.php?rest_route=\/wp\/v2\/posts\/772\/revisions"}],"predecessor-version":[{"id":784,"href":"http:\/\/asylkreis-oftersheim.de\/index.php?rest_route=\/wp\/v2\/posts\/772\/revisions\/784"}],"wp:attachment":[{"href":"http:\/\/asylkreis-oftersheim.de\/index.php?rest_route=%2Fwp%2Fv2%2Fmedia&parent=772"}],"wp:term":[{"taxonomy":"category","embeddable":true,"href":"http:\/\/asylkreis-oftersheim.de\/index.php?rest_route=%2Fwp%2Fv2%2Fcategories&post=772"},{"taxonomy":"post_tag","embeddable":true,"href":"http:\/\/asylkreis-oftersheim.de\/index.php?rest_route=%2Fwp%2Fv2%2Ftags&post=772"}],"curies":[{"name":"wp","href":"https:\/\/api.w.org\/{rel}","templated":true}]}}