{"id":743,"date":"2019-02-27T09:12:02","date_gmt":"2019-02-27T08:12:02","guid":{"rendered":"http:\/\/asylkreis-oftersheim.de\/?p=743"},"modified":"2019-02-27T09:12:02","modified_gmt":"2019-02-27T08:12:02","slug":"gestaltung-von-asylstuehlen-im-begegnungscafe","status":"publish","type":"post","link":"http:\/\/asylkreis-oftersheim.de\/?p=743","title":{"rendered":"Gestaltung von Asylst\u00fchlen im Begegnungscaf\u00e9"},"content":{"rendered":"<p>Der Asylkreis Oftersheim gestaltet zurzeit mehrere \u201eAsylst\u00fchle\u201c und beteiligt sich somit an der Kampagne <strong>\u201ePlatz f\u00fcr Asyl in Europa\u201c<\/strong> des Diakonischen Werks W\u00fcrttemberg. Ziel der Kampagne ist eine Installation mit m\u00f6glichst vielen bunt gestalteten St\u00fchlen, um deutlich zu machen, dass hierzulande und in Europa Platz ist f\u00fcr Menschen, die vor Krieg und Verfolgung fliehen. Mit der Idee des Asylstuhls wird eine historische Tradition aufgenommen. Die einzelnen St\u00fchle sollen das gro\u00dfe Engagement in der Gesellschaft zeigen und verdeutlichen, dass viele Menschen im Land bereit sind, Fremde aufzunehmen und sich f\u00fcr ein Zusammenleben in Vielfalt engagieren.<\/p>\n<p><img loading=\"lazy\" decoding=\"async\" class=\"wp-image-744 aligncenter\" src=\"http:\/\/asylkreis-oftersheim.de\/wp-content\/uploads\/2019\/02\/Gestaltung-Asylstuhl.jpg\" alt=\"\" width=\"514\" height=\"426\" srcset=\"http:\/\/asylkreis-oftersheim.de\/wp-content\/uploads\/2019\/02\/Gestaltung-Asylstuhl.jpg 2536w, http:\/\/asylkreis-oftersheim.de\/wp-content\/uploads\/2019\/02\/Gestaltung-Asylstuhl-300x248.jpg 300w, http:\/\/asylkreis-oftersheim.de\/wp-content\/uploads\/2019\/02\/Gestaltung-Asylstuhl-768x636.jpg 768w, http:\/\/asylkreis-oftersheim.de\/wp-content\/uploads\/2019\/02\/Gestaltung-Asylstuhl-1024x848.jpg 1024w\" sizes=\"auto, (max-width: 514px) 100vw, 514px\" \/><\/p>\n<p>Beim ersten Begegnungscaf\u00e9 in diesem Jahr gab es somit nicht nur wie immer sehr leckere internationale K\u00f6stlichkeiten, sondern die Teilnehmenden konnten sich nebenbei auch an der Gestaltung der St\u00fchle beteiligen. Kinder und Erwachsene hatten viel Spa\u00df bei der gemeinsamen Verzierung der St\u00fchle.<\/p>\n<p>Bis zur Er\u00f6ffnung der Installation am 15. Mai in Stuttgart wird der Asylkreis weiterhin an den St\u00fchlen arbeiten. <strong>Wenn auch Sie Lust haben, sich an der Aktion zu beteiligen, sind Sie herzlich zur n\u00e4chsten Teestunde des Asylkreises am 21. M\u00e4rz um 15 Uhr ins evangelische Gemeindehaus eingeladen. <\/strong><\/p>\n","protected":false},"excerpt":{"rendered":"<p>Der Asylkreis Oftersheim gestaltet zurzeit mehrere \u201eAsylst\u00fchle\u201c und beteiligt sich somit an der Kampagne \u201ePlatz f\u00fcr Asyl in Europa\u201c des Diakonischen Werks W\u00fcrttemberg. Ziel der Kampagne ist eine Installation mit m\u00f6glichst vielen bunt gestalteten St\u00fchlen, um deutlich zu machen, dass hierzulande und in Europa Platz ist f\u00fcr Menschen, die vor Krieg und Verfolgung fliehen. Mit [&hellip;]<\/p>\n","protected":false},"author":3,"featured_media":0,"comment_status":"closed","ping_status":"closed","sticky":false,"template":"","format":"standard","meta":{"footnotes":""},"categories":[1],"tags":[],"class_list":["post-743","post","type-post","status-publish","format-standard","hentry","category-uncategorized"],"_links":{"self":[{"href":"http:\/\/asylkreis-oftersheim.de\/index.php?rest_route=\/wp\/v2\/posts\/743","targetHints":{"allow":["GET"]}}],"collection":[{"href":"http:\/\/asylkreis-oftersheim.de\/index.php?rest_route=\/wp\/v2\/posts"}],"about":[{"href":"http:\/\/asylkreis-oftersheim.de\/index.php?rest_route=\/wp\/v2\/types\/post"}],"author":[{"embeddable":true,"href":"http:\/\/asylkreis-oftersheim.de\/index.php?rest_route=\/wp\/v2\/users\/3"}],"replies":[{"embeddable":true,"href":"http:\/\/asylkreis-oftersheim.de\/index.php?rest_route=%2Fwp%2Fv2%2Fcomments&post=743"}],"version-history":[{"count":3,"href":"http:\/\/asylkreis-oftersheim.de\/index.php?rest_route=\/wp\/v2\/posts\/743\/revisions"}],"predecessor-version":[{"id":747,"href":"http:\/\/asylkreis-oftersheim.de\/index.php?rest_route=\/wp\/v2\/posts\/743\/revisions\/747"}],"wp:attachment":[{"href":"http:\/\/asylkreis-oftersheim.de\/index.php?rest_route=%2Fwp%2Fv2%2Fmedia&parent=743"}],"wp:term":[{"taxonomy":"category","embeddable":true,"href":"http:\/\/asylkreis-oftersheim.de\/index.php?rest_route=%2Fwp%2Fv2%2Fcategories&post=743"},{"taxonomy":"post_tag","embeddable":true,"href":"http:\/\/asylkreis-oftersheim.de\/index.php?rest_route=%2Fwp%2Fv2%2Ftags&post=743"}],"curies":[{"name":"wp","href":"https:\/\/api.w.org\/{rel}","templated":true}]}}