{"id":709,"date":"2019-01-05T11:30:05","date_gmt":"2019-01-05T10:30:05","guid":{"rendered":"http:\/\/asylkreis-oftersheim.de\/?p=709"},"modified":"2018-12-13T11:33:11","modified_gmt":"2018-12-13T10:33:11","slug":"rucksack-in-der-grundschule","status":"publish","type":"post","link":"http:\/\/asylkreis-oftersheim.de\/?p=709","title":{"rendered":"Rucksack in der Grundschule"},"content":{"rendered":"<p><strong>Programm zur koordinierten Sprachf\u00f6rderung und Elternbildung an der Theodor-Heuss-Schule<\/strong><\/p>\n<p>Am <strong>15. Januar 2019<\/strong> startet das Rucksackprogramm f\u00fcr die Grundschule. \u201eRucksack\u201c ist ein gemeinsames Erziehungs- und Handlungskonzept, das schulische Sprachf\u00f6rderung mit einem interkulturellen Konzept der Elternbildung verbindet. Das Programm wird von der <em>Arbeitsgemeinschaft zur F\u00f6rderung von Kindern und Jugendlichen<\/em> durchgef\u00fchrt und richtet sich an Eltern von Grundschulkindern mit Migrationshintergrund. Durch eine Elternbegleiterin werden einerseits Unterrichtsinhalte der Schule n\u00e4her gebracht und andererseits Erziehungsthemen im Allgemeinen besprochen. Dar\u00fcber hinaus bietet die Elterngruppe M\u00f6glichkeiten zu Kontakten und zum Austausch mit anderen Eltern und mit Lehrerinnen und Lehrern.<\/p>\n<p>Das Rucksackprogramm findet w\u00f6chentlich <strong>dienstags von 9.30 bis 11.30 Uhr<\/strong> in der <strong>THS<\/strong>, 2. OG <strong>Zimmer 42<\/strong> statt.<\/p>\n<p>F\u00fcr n\u00e4here Informationen und zur Anmeldung wenden Sie sich bitte an das Sekretariat der THS, das Integrationsb\u00fcro im Rathaus oder direkt an die Elternbegleiterin Frau Caliskan unter der Telefonnummer 0163 8088271.<\/p>\n","protected":false},"excerpt":{"rendered":"<p>Programm zur koordinierten Sprachf\u00f6rderung und Elternbildung an der Theodor-Heuss-Schule Am 15. Januar 2019 startet das Rucksackprogramm f\u00fcr die Grundschule. \u201eRucksack\u201c ist ein gemeinsames Erziehungs- und Handlungskonzept, das schulische Sprachf\u00f6rderung mit einem interkulturellen Konzept der Elternbildung verbindet. Das Programm wird von der Arbeitsgemeinschaft zur F\u00f6rderung von Kindern und Jugendlichen durchgef\u00fchrt und richtet sich an Eltern von [&hellip;]<\/p>\n","protected":false},"author":3,"featured_media":0,"comment_status":"closed","ping_status":"closed","sticky":false,"template":"","format":"standard","meta":{"footnotes":""},"categories":[1],"tags":[],"class_list":["post-709","post","type-post","status-publish","format-standard","hentry","category-uncategorized"],"_links":{"self":[{"href":"http:\/\/asylkreis-oftersheim.de\/index.php?rest_route=\/wp\/v2\/posts\/709","targetHints":{"allow":["GET"]}}],"collection":[{"href":"http:\/\/asylkreis-oftersheim.de\/index.php?rest_route=\/wp\/v2\/posts"}],"about":[{"href":"http:\/\/asylkreis-oftersheim.de\/index.php?rest_route=\/wp\/v2\/types\/post"}],"author":[{"embeddable":true,"href":"http:\/\/asylkreis-oftersheim.de\/index.php?rest_route=\/wp\/v2\/users\/3"}],"replies":[{"embeddable":true,"href":"http:\/\/asylkreis-oftersheim.de\/index.php?rest_route=%2Fwp%2Fv2%2Fcomments&post=709"}],"version-history":[{"count":2,"href":"http:\/\/asylkreis-oftersheim.de\/index.php?rest_route=\/wp\/v2\/posts\/709\/revisions"}],"predecessor-version":[{"id":711,"href":"http:\/\/asylkreis-oftersheim.de\/index.php?rest_route=\/wp\/v2\/posts\/709\/revisions\/711"}],"wp:attachment":[{"href":"http:\/\/asylkreis-oftersheim.de\/index.php?rest_route=%2Fwp%2Fv2%2Fmedia&parent=709"}],"wp:term":[{"taxonomy":"category","embeddable":true,"href":"http:\/\/asylkreis-oftersheim.de\/index.php?rest_route=%2Fwp%2Fv2%2Fcategories&post=709"},{"taxonomy":"post_tag","embeddable":true,"href":"http:\/\/asylkreis-oftersheim.de\/index.php?rest_route=%2Fwp%2Fv2%2Ftags&post=709"}],"curies":[{"name":"wp","href":"https:\/\/api.w.org\/{rel}","templated":true}]}}