{"id":701,"date":"2018-11-27T11:24:23","date_gmt":"2018-11-27T10:24:23","guid":{"rendered":"http:\/\/asylkreis-oftersheim.de\/?p=701"},"modified":"2018-11-21T11:32:21","modified_gmt":"2018-11-21T10:32:21","slug":"herzliche-einladung-zum-letzten-begegnungscafe-des-jahres","status":"publish","type":"post","link":"http:\/\/asylkreis-oftersheim.de\/?p=701","title":{"rendered":"Herzliche Einladung zum letzten Begegnungscaf\u00e9 des Jahres"},"content":{"rendered":"<p>Der Asylkreis Oftersheim l\u00e4dt alle Oftersheimer B\u00fcrgerinnen und B\u00fcrger sowie Neuzugezogene zu seinem <strong>27. Begegnungscaf\u00e9 \u201eWelcome\u201c<\/strong> ein!<\/p>\n<p>Das letzte Begegnungscaf\u00e9 des Jahres 2018 findet unter dem Motto <strong>\u201eEin Teller Heimat\u201c<\/strong> am <strong>Donnerstag, dem 06. Dezember 2018, ab 18.30 Uhr im Josefshaus<\/strong> in der Bismarckstra\u00dfe statt.<\/p>\n<p><img loading=\"lazy\" decoding=\"async\" class=\"wp-image-702 alignright\" src=\"http:\/\/asylkreis-oftersheim.de\/wp-content\/uploads\/2018\/11\/Asylkreis-Nikolaus.jpg\" alt=\"\" width=\"173\" height=\"374\" srcset=\"http:\/\/asylkreis-oftersheim.de\/wp-content\/uploads\/2018\/11\/Asylkreis-Nikolaus.jpg 993w, http:\/\/asylkreis-oftersheim.de\/wp-content\/uploads\/2018\/11\/Asylkreis-Nikolaus-139x300.jpg 139w, http:\/\/asylkreis-oftersheim.de\/wp-content\/uploads\/2018\/11\/Asylkreis-Nikolaus-768x1662.jpg 768w, http:\/\/asylkreis-oftersheim.de\/wp-content\/uploads\/2018\/11\/Asylkreis-Nikolaus-473x1024.jpg 473w\" sizes=\"auto, (max-width: 173px) 100vw, 173px\" \/><\/p>\n<p>Dementsprechend sind alle Teilnehmenden herzlich eingeladen, einen Teller mit Leckereien speziell aus ihrer Heimat mitzubringen. Durch das bunte Buffet haben wir die M\u00f6glichkeit, die Heimat unserer Mitmenschen auf kulinarische Weise kennenzulernen.<\/p>\n<p>Da das n\u00e4chste Begegnungscaf\u00e9 direkt am Nikolaustag stattfindet, k\u00f6nnen sich alle Kinder auf den <strong>Nikolaus h\u00f6chstpers\u00f6nlich<\/strong> freuen und sogar mit einer <strong>Nikolaus\u00fcberraschung<\/strong> rechnen.<\/p>\n<p>Der Asylkreis Oftersheim freut sich \u00fcber alle, die am Begegnungscaf\u00e9 teilnehmen und sich mit einer Essensspende engagieren m\u00f6chten. Bei Interesse nehmen Sie bitte Kontakt auf mit der Ansprechpartnerin des Asylkreises, Heidi Joos (<a href=\"mailto:Heidi.Joos@Asylkreis-Oftersheim.de\">Heidi.Joos@Asylkreis-Oftersheim.de<\/a>), oder mit der Fl\u00fcchtlings- und Integrationsbeauftragten der Gemeinde Oftersheim, Maria Theresia Tzschoppe (<a href=\"mailto:Fluechtlinge@Oftersheim.de\">Fluechtlinge@Oftersheim.de<\/a>).<\/p>\n","protected":false},"excerpt":{"rendered":"<p>Der Asylkreis Oftersheim l\u00e4dt alle Oftersheimer B\u00fcrgerinnen und B\u00fcrger sowie Neuzugezogene zu seinem 27. Begegnungscaf\u00e9 \u201eWelcome\u201c ein! Das letzte Begegnungscaf\u00e9 des Jahres 2018 findet unter dem Motto \u201eEin Teller Heimat\u201c am Donnerstag, dem 06. Dezember 2018, ab 18.30 Uhr im Josefshaus in der Bismarckstra\u00dfe statt. Dementsprechend sind alle Teilnehmenden herzlich eingeladen, einen Teller mit Leckereien [&hellip;]<\/p>\n","protected":false},"author":3,"featured_media":0,"comment_status":"closed","ping_status":"closed","sticky":false,"template":"","format":"standard","meta":{"footnotes":""},"categories":[1],"tags":[],"class_list":["post-701","post","type-post","status-publish","format-standard","hentry","category-uncategorized"],"_links":{"self":[{"href":"http:\/\/asylkreis-oftersheim.de\/index.php?rest_route=\/wp\/v2\/posts\/701","targetHints":{"allow":["GET"]}}],"collection":[{"href":"http:\/\/asylkreis-oftersheim.de\/index.php?rest_route=\/wp\/v2\/posts"}],"about":[{"href":"http:\/\/asylkreis-oftersheim.de\/index.php?rest_route=\/wp\/v2\/types\/post"}],"author":[{"embeddable":true,"href":"http:\/\/asylkreis-oftersheim.de\/index.php?rest_route=\/wp\/v2\/users\/3"}],"replies":[{"embeddable":true,"href":"http:\/\/asylkreis-oftersheim.de\/index.php?rest_route=%2Fwp%2Fv2%2Fcomments&post=701"}],"version-history":[{"count":3,"href":"http:\/\/asylkreis-oftersheim.de\/index.php?rest_route=\/wp\/v2\/posts\/701\/revisions"}],"predecessor-version":[{"id":705,"href":"http:\/\/asylkreis-oftersheim.de\/index.php?rest_route=\/wp\/v2\/posts\/701\/revisions\/705"}],"wp:attachment":[{"href":"http:\/\/asylkreis-oftersheim.de\/index.php?rest_route=%2Fwp%2Fv2%2Fmedia&parent=701"}],"wp:term":[{"taxonomy":"category","embeddable":true,"href":"http:\/\/asylkreis-oftersheim.de\/index.php?rest_route=%2Fwp%2Fv2%2Fcategories&post=701"},{"taxonomy":"post_tag","embeddable":true,"href":"http:\/\/asylkreis-oftersheim.de\/index.php?rest_route=%2Fwp%2Fv2%2Ftags&post=701"}],"curies":[{"name":"wp","href":"https:\/\/api.w.org\/{rel}","templated":true}]}}