{"id":632,"date":"2018-09-06T08:43:10","date_gmt":"2018-09-06T07:43:10","guid":{"rendered":"http:\/\/asylkreis-oftersheim.de\/?p=632"},"modified":"2018-09-06T08:44:09","modified_gmt":"2018-09-06T07:44:09","slug":"herzliche-einladung-zum-begegnungscafe-welcome-8","status":"publish","type":"post","link":"http:\/\/asylkreis-oftersheim.de\/?p=632","title":{"rendered":"Herzliche Einladung zum Begegnungscaf\u00e9 \u201eWelcome\u201c"},"content":{"rendered":"<p>Der Asylkreis Oftersheim l\u00e4dt alle Oftersheimer B\u00fcrgerinnen und B\u00fcrger sowie Neuzugezogene zu seinem <strong>24. Begegnungscaf\u00e9 \u201eWelcome\u201c<\/strong> ein!<\/p>\n<p>Das erste Begegnungscaf\u00e9 nach der Sommerpause findet am <strong>Donnerstag, dem 20. September 2018, ab 18.30 Uhr im Josefshaus<\/strong> in der Bismarckstra\u00dfe statt.<\/p>\n<p>Das Begegnungscaf\u00e9 bietet einen Raum, in dem sich neuzugezogene und alteingesessene Oftersheimer B\u00fcrger in offener und famili\u00e4rer Atmosph\u00e4re begegnen k\u00f6nnen. Somit stellt es eine Art internationalen und interkulturellen Treffpunkt dar, in dem Interessierte bei Getr\u00e4nken und H\u00e4ppchen zum Selbstkostenpreis ins Gespr\u00e4ch kommen, sich n\u00e4her kennenlernen und gegebenenfalls sogar anfreunden k\u00f6nnen. F\u00fcr Nichtmuttersprachler bietet es au\u00dferdem die M\u00f6glichkeit, nebenbei die deutsche Sprache zu \u00fcben.<\/p>\n<p>Der Asylkreis Oftersheim freut sich \u00fcber alle, die sich im Rahmen des Begegnungscaf\u00e9s \u2013 beispielsweise mit einer Essensspende oder einem kulturellen Beitrag \u2013 oder bei anderen ehrenamtlichen Angeboten engagieren m\u00f6chten. Bei Interesse nehmen Sie bitte Kontakt auf mit der Ansprechpartnerin des Asylkreises, Heidi Joos <a href=\"mailto:Heidi.Joos@Asylkreis-Oftersheim.de\">(Heidi.Joos@Asylkreis-Oftersheim.de),<\/a> oder mit der Fl\u00fcchtlings- und Integrationsbeauftragten der Gemeinde Oftersheim, Maria Theresia Tzschoppe (<a href=\"mailto:Fluechtlinge@Oftersheim.de\">Fluechtlinge@Oftersheim.de<\/a>).<\/p>\n","protected":false},"excerpt":{"rendered":"<p>Der Asylkreis Oftersheim l\u00e4dt alle Oftersheimer B\u00fcrgerinnen und B\u00fcrger sowie Neuzugezogene zu seinem 24. Begegnungscaf\u00e9 \u201eWelcome\u201c ein! Das erste Begegnungscaf\u00e9 nach der Sommerpause findet am Donnerstag, dem 20. September 2018, ab 18.30 Uhr im Josefshaus in der Bismarckstra\u00dfe statt. Das Begegnungscaf\u00e9 bietet einen Raum, in dem sich neuzugezogene und alteingesessene Oftersheimer B\u00fcrger in offener und [&hellip;]<\/p>\n","protected":false},"author":3,"featured_media":0,"comment_status":"closed","ping_status":"closed","sticky":false,"template":"","format":"standard","meta":{"footnotes":""},"categories":[1],"tags":[],"class_list":["post-632","post","type-post","status-publish","format-standard","hentry","category-uncategorized"],"_links":{"self":[{"href":"http:\/\/asylkreis-oftersheim.de\/index.php?rest_route=\/wp\/v2\/posts\/632","targetHints":{"allow":["GET"]}}],"collection":[{"href":"http:\/\/asylkreis-oftersheim.de\/index.php?rest_route=\/wp\/v2\/posts"}],"about":[{"href":"http:\/\/asylkreis-oftersheim.de\/index.php?rest_route=\/wp\/v2\/types\/post"}],"author":[{"embeddable":true,"href":"http:\/\/asylkreis-oftersheim.de\/index.php?rest_route=\/wp\/v2\/users\/3"}],"replies":[{"embeddable":true,"href":"http:\/\/asylkreis-oftersheim.de\/index.php?rest_route=%2Fwp%2Fv2%2Fcomments&post=632"}],"version-history":[{"count":2,"href":"http:\/\/asylkreis-oftersheim.de\/index.php?rest_route=\/wp\/v2\/posts\/632\/revisions"}],"predecessor-version":[{"id":634,"href":"http:\/\/asylkreis-oftersheim.de\/index.php?rest_route=\/wp\/v2\/posts\/632\/revisions\/634"}],"wp:attachment":[{"href":"http:\/\/asylkreis-oftersheim.de\/index.php?rest_route=%2Fwp%2Fv2%2Fmedia&parent=632"}],"wp:term":[{"taxonomy":"category","embeddable":true,"href":"http:\/\/asylkreis-oftersheim.de\/index.php?rest_route=%2Fwp%2Fv2%2Fcategories&post=632"},{"taxonomy":"post_tag","embeddable":true,"href":"http:\/\/asylkreis-oftersheim.de\/index.php?rest_route=%2Fwp%2Fv2%2Ftags&post=632"}],"curies":[{"name":"wp","href":"https:\/\/api.w.org\/{rel}","templated":true}]}}