{"id":517,"date":"2018-04-20T06:33:40","date_gmt":"2018-04-20T05:33:40","guid":{"rendered":"http:\/\/asylkreis-oftersheim.de\/?p=517"},"modified":"2018-04-20T06:49:30","modified_gmt":"2018-04-20T05:49:30","slug":"saisoneroeffnung-des-internationalen-gartens","status":"publish","type":"post","link":"http:\/\/asylkreis-oftersheim.de\/?p=517","title":{"rendered":"Saisoner\u00f6ffnung des internationalen Gartens"},"content":{"rendered":"<p><img loading=\"lazy\" decoding=\"async\" class=\"wp-image-521 alignleft\" style=\"line-height: 1.5;\" src=\"http:\/\/asylkreis-oftersheim.de\/wp-content\/uploads\/2018\/04\/Bild-2.png\" alt=\"\" width=\"236\" height=\"177\" srcset=\"http:\/\/asylkreis-oftersheim.de\/wp-content\/uploads\/2018\/04\/Bild-2.png 650w, http:\/\/asylkreis-oftersheim.de\/wp-content\/uploads\/2018\/04\/Bild-2-300x225.png 300w\" sizes=\"auto, (max-width: 236px) 100vw, 236px\" \/><span style=\"line-height: inherit;\">Seit einem Jahr nutzt der Asylkreis Oftersheim gemeinsam mit einigen Gefl\u00fcchteten und ihren Familien einen Kleingarten am Kohlwald. Mit vereinten Kr\u00e4ften wurde der Garten auf Vordermann gebracht und Nutzpflanzen angebaut. Dies war jedoch mit gr\u00f6\u00dferen Anstrengungen verbunden, denn \u201evor einem Jahr wuchs in dem Garten nur Rasen oder Unkraut, aber kein Gem\u00fcse\u201c, wie Angelika Feurich vom Asylkreis berichtet.\u00a0<\/span><\/p>\n<p><span style=\"line-height: inherit;\"><br \/>\n<img loading=\"lazy\" decoding=\"async\" class=\"wp-image-522 alignright\" style=\"line-height: 1.5;\" src=\"http:\/\/asylkreis-oftersheim.de\/wp-content\/uploads\/2018\/04\/Bild-6.png\" alt=\"\" width=\"137\" height=\"183\" srcset=\"http:\/\/asylkreis-oftersheim.de\/wp-content\/uploads\/2018\/04\/Bild-6.png 350w, http:\/\/asylkreis-oftersheim.de\/wp-content\/uploads\/2018\/04\/Bild-6-225x300.png 225w\" sizes=\"auto, (max-width: 137px) 100vw, 137px\" \/>Gl\u00fccklicherweise hatten aber viele der mitarbeitenden Gefl\u00fcchteten bereits Erfahrung mit Gartenarbeit, sodass sich die M\u00fche schnell auszahlte und Gem\u00fcse wie beispielsweise Kartoffeln, Gurken, Bohnen oder Tomaten geerntet werden konnten. Unterst\u00fctzt wurde das Team rund um den Asylkreis dabei von freundlichen benachbarten G\u00e4rtnerinnen und G\u00e4rtnern, die Werkzeug und Sitzgarnituren spendeten oder beim Entsorgen von alten Pflanzen halfen.<\/span><\/p>\n<p><img loading=\"lazy\" decoding=\"async\" class=\" wp-image-520 alignleft\" style=\"line-height: 1.5;\" src=\"http:\/\/asylkreis-oftersheim.de\/wp-content\/uploads\/2018\/04\/Bild-4.png\" alt=\"\" width=\"152\" height=\"203\" srcset=\"http:\/\/asylkreis-oftersheim.de\/wp-content\/uploads\/2018\/04\/Bild-4.png 350w, http:\/\/asylkreis-oftersheim.de\/wp-content\/uploads\/2018\/04\/Bild-4-225x300.png 225w\" sizes=\"auto, (max-width: 152px) 100vw, 152px\" \/>Vor wenigen Wochen trafen sich nach der Winterpause alle wieder im Garten. Sie haben aufger\u00e4umt, alte Pflanzen entsorgt, den Boden umgegraben und somit die Saison 2018 er\u00f6ffnet. \u201eWir vom Asylkreis wollen, dass der Garten richtig genutzt wird\u201c, sagt Peter R\u00f6sch. Deswegen sind fachkundige Mitglieder des Asylkreises regelm\u00e4\u00dfig vor Ort und geben Tipps zum G\u00e4rtnern. Dar\u00fcber hinaus stellt der internationale Garten aber auch einen Treffpunkt dar. So kommen die Mitarbeitenden regelm\u00e4\u00dfig mit ihren Familien zum gemeinsamen Essen zusammen oder bringen ihre Kinder zum Spielen mit.<\/p>\n<p>Wenn auch Sie gerne ein Teil der Gemeinschaft des internationalen Gartens werden m\u00f6chten, melden Sie sich bei der Leiterin des Asylkreises, Heidi Joos (<a href=\"mailto:Heidi.Joos@Asylkreis-Oftersheim.de\">Heidi.Joos@Asylkreis-Oftersheim.de<\/a>, 06202 \/ 950 90 78), oder bei der Integrationsbeauftragten der Gemeinde, Maria Theresia Tzschoppe (<a href=\"mailto:Fluechtlinge@Oftersheim.de\">Fluechtlinge@Oftersheim.de<\/a>, 06202 \/ 597 112).<br \/>\n<img loading=\"lazy\" decoding=\"async\" class=\"wp-image-523 aligncenter\" src=\"http:\/\/asylkreis-oftersheim.de\/wp-content\/uploads\/2018\/04\/Bild-7.png\" alt=\"\" width=\"514\" height=\"427\" srcset=\"http:\/\/asylkreis-oftersheim.de\/wp-content\/uploads\/2018\/04\/Bild-7.png 1300w, http:\/\/asylkreis-oftersheim.de\/wp-content\/uploads\/2018\/04\/Bild-7-300x249.png 300w, http:\/\/asylkreis-oftersheim.de\/wp-content\/uploads\/2018\/04\/Bild-7-768x639.png 768w, http:\/\/asylkreis-oftersheim.de\/wp-content\/uploads\/2018\/04\/Bild-7-1024x851.png 1024w\" sizes=\"auto, (max-width: 514px) 100vw, 514px\" \/><\/p>\n<p>Andreas Heisel<\/p>\n","protected":false},"excerpt":{"rendered":"<p>Seit einem Jahr nutzt der Asylkreis Oftersheim gemeinsam mit einigen Gefl\u00fcchteten und ihren Familien einen Kleingarten am Kohlwald. Mit vereinten Kr\u00e4ften wurde der Garten auf Vordermann gebracht und Nutzpflanzen angebaut. Dies war jedoch mit gr\u00f6\u00dferen Anstrengungen verbunden, denn \u201evor einem Jahr wuchs in dem Garten nur Rasen oder Unkraut, aber kein Gem\u00fcse\u201c, wie Angelika Feurich [&hellip;]<\/p>\n","protected":false},"author":3,"featured_media":0,"comment_status":"closed","ping_status":"closed","sticky":false,"template":"","format":"standard","meta":{"footnotes":""},"categories":[1],"tags":[],"class_list":["post-517","post","type-post","status-publish","format-standard","hentry","category-uncategorized"],"_links":{"self":[{"href":"http:\/\/asylkreis-oftersheim.de\/index.php?rest_route=\/wp\/v2\/posts\/517","targetHints":{"allow":["GET"]}}],"collection":[{"href":"http:\/\/asylkreis-oftersheim.de\/index.php?rest_route=\/wp\/v2\/posts"}],"about":[{"href":"http:\/\/asylkreis-oftersheim.de\/index.php?rest_route=\/wp\/v2\/types\/post"}],"author":[{"embeddable":true,"href":"http:\/\/asylkreis-oftersheim.de\/index.php?rest_route=\/wp\/v2\/users\/3"}],"replies":[{"embeddable":true,"href":"http:\/\/asylkreis-oftersheim.de\/index.php?rest_route=%2Fwp%2Fv2%2Fcomments&post=517"}],"version-history":[{"count":3,"href":"http:\/\/asylkreis-oftersheim.de\/index.php?rest_route=\/wp\/v2\/posts\/517\/revisions"}],"predecessor-version":[{"id":525,"href":"http:\/\/asylkreis-oftersheim.de\/index.php?rest_route=\/wp\/v2\/posts\/517\/revisions\/525"}],"wp:attachment":[{"href":"http:\/\/asylkreis-oftersheim.de\/index.php?rest_route=%2Fwp%2Fv2%2Fmedia&parent=517"}],"wp:term":[{"taxonomy":"category","embeddable":true,"href":"http:\/\/asylkreis-oftersheim.de\/index.php?rest_route=%2Fwp%2Fv2%2Fcategories&post=517"},{"taxonomy":"post_tag","embeddable":true,"href":"http:\/\/asylkreis-oftersheim.de\/index.php?rest_route=%2Fwp%2Fv2%2Ftags&post=517"}],"curies":[{"name":"wp","href":"https:\/\/api.w.org\/{rel}","templated":true}]}}