{"id":428,"date":"2017-12-19T12:10:10","date_gmt":"2017-12-19T11:10:10","guid":{"rendered":"http:\/\/asylkreis-oftersheim.de\/?p=428"},"modified":"2017-12-19T12:10:10","modified_gmt":"2017-12-19T11:10:10","slug":"danke-2","status":"publish","type":"post","link":"http:\/\/asylkreis-oftersheim.de\/?p=428","title":{"rendered":"Danke!"},"content":{"rendered":"<p>Im Januar werden es zwei Jahre, dass \u00fcber 330 Fl\u00fcchtlinge nach Oftersheim gekommen sind. Davon waren 260 Personen in einer Gewerbehalle im Gewerbepark Hardtwald und 70 im ehemaligen Gasthaus &#8222;Goldener Hirsch&#8220; untergekommen. Die Gewerbehalle wurde aufgel\u00f6st und die jungen M\u00e4nner kamen nach Hockenheim und Reilingen. Die Familien aus dem &#8222;Hirsch&#8220; blieben in der sogenannten Anschlussunterbringung in Oftersheim, wurden in Gem<span style=\"line-height: inherit;\">eindewohnungen aufgenommen oder haben selbst Wohnungen gefunden. Sie sind nun angekommen in Oftersheim und k\u00f6nnen sich auch schon ganz gut in Deutsch verst\u00e4ndigen.<\/span><\/p>\n<p><img loading=\"lazy\" decoding=\"async\" class=\"alignnone size-medium wp-image-429 aligncenter\" style=\"line-height: 1.5;\" src=\"http:\/\/asylkreis-oftersheim.de\/wp-content\/uploads\/2017\/12\/Begegnungscafe-Res\u00fcmee-300x179.jpg\" alt=\"\" width=\"300\" height=\"179\" srcset=\"http:\/\/asylkreis-oftersheim.de\/wp-content\/uploads\/2017\/12\/Begegnungscafe-Res\u00fcmee-300x179.jpg 300w, http:\/\/asylkreis-oftersheim.de\/wp-content\/uploads\/2017\/12\/Begegnungscafe-Res\u00fcmee-768x457.jpg 768w, http:\/\/asylkreis-oftersheim.de\/wp-content\/uploads\/2017\/12\/Begegnungscafe-Res\u00fcmee-1024x609.jpg 1024w\" sizes=\"auto, (max-width: 300px) 100vw, 300px\" \/><\/p>\n<p>Seit die Gefl\u00fcchteten vor zwei Jahren nach Oftersheim gekommen sind, stehen ihnen ehrenamtliche Asylkreismitarbeiterinnen und -mitarbeiter zur Seite: als Patinnen und Paten, Deutschlehrerinnen und Deutschlehrer, Computerlehrer, Hausaufgabenbetreuerinnen, Begleiterinnen und Begleiter zu \u00c4mtern und \u00c4rzten sowie als Dolmetscherinnen und Dolmetscher. Andere veranstalten f\u00fcr die &#8222;neuen&#8220; Oftersheimer Teestunden und Begegnungscaf\u00e9s, in denen man sich ganz ungezwungen treffen und sich Rat holen kann. Wieder andere reparieren Fahrr\u00e4der oder machen mit ihnen Gartenarbeit, suchen Wohnungen f\u00fcr sie und helfen, sie einzurichten. Die Aufgaben sind sehr vielf\u00e4ltig und zeitaufw\u00e4ndig, manchmal belastend, aber auch sehr bereichernd.<\/p>\n<p><strong>F\u00fcr all diese Arbeit m\u00f6chte ich allen Mitarbeitenden ganz, ganz herzlich danken.<\/strong><br \/>\nAuch herzlichen Dank f\u00fcr die vielf\u00e4ltige Unterst\u00fctzung aus dem Rathaus und an die vielen Oftersheimer, die uns mit M\u00f6beln, Ger\u00e4ten, Fahrr\u00e4dern, Kinderartikeln und Geldspenden unterst\u00fctzt oder uns R\u00e4umlichkeiten zur Verf\u00fcgung gestellt haben.<\/p>\n<p>Ihnen allen w\u00fcnsche ich ein gesegnetes Weihnachtsfest und alles Gute f\u00fcr das Neue Jahr.<br \/>\nHeidi Joos<\/p>\n","protected":false},"excerpt":{"rendered":"<p>Im Januar werden es zwei Jahre, dass \u00fcber 330 Fl\u00fcchtlinge nach Oftersheim gekommen sind. Davon waren 260 Personen in einer Gewerbehalle im Gewerbepark Hardtwald und 70 im ehemaligen Gasthaus &#8222;Goldener Hirsch&#8220; untergekommen. Die Gewerbehalle wurde aufgel\u00f6st und die jungen M\u00e4nner kamen nach Hockenheim und Reilingen. Die Familien aus dem &#8222;Hirsch&#8220; blieben in der sogenannten Anschlussunterbringung [&hellip;]<\/p>\n","protected":false},"author":3,"featured_media":0,"comment_status":"closed","ping_status":"closed","sticky":false,"template":"","format":"standard","meta":{"footnotes":""},"categories":[1],"tags":[],"class_list":["post-428","post","type-post","status-publish","format-standard","hentry","category-uncategorized"],"_links":{"self":[{"href":"http:\/\/asylkreis-oftersheim.de\/index.php?rest_route=\/wp\/v2\/posts\/428","targetHints":{"allow":["GET"]}}],"collection":[{"href":"http:\/\/asylkreis-oftersheim.de\/index.php?rest_route=\/wp\/v2\/posts"}],"about":[{"href":"http:\/\/asylkreis-oftersheim.de\/index.php?rest_route=\/wp\/v2\/types\/post"}],"author":[{"embeddable":true,"href":"http:\/\/asylkreis-oftersheim.de\/index.php?rest_route=\/wp\/v2\/users\/3"}],"replies":[{"embeddable":true,"href":"http:\/\/asylkreis-oftersheim.de\/index.php?rest_route=%2Fwp%2Fv2%2Fcomments&post=428"}],"version-history":[{"count":4,"href":"http:\/\/asylkreis-oftersheim.de\/index.php?rest_route=\/wp\/v2\/posts\/428\/revisions"}],"predecessor-version":[{"id":433,"href":"http:\/\/asylkreis-oftersheim.de\/index.php?rest_route=\/wp\/v2\/posts\/428\/revisions\/433"}],"wp:attachment":[{"href":"http:\/\/asylkreis-oftersheim.de\/index.php?rest_route=%2Fwp%2Fv2%2Fmedia&parent=428"}],"wp:term":[{"taxonomy":"category","embeddable":true,"href":"http:\/\/asylkreis-oftersheim.de\/index.php?rest_route=%2Fwp%2Fv2%2Fcategories&post=428"},{"taxonomy":"post_tag","embeddable":true,"href":"http:\/\/asylkreis-oftersheim.de\/index.php?rest_route=%2Fwp%2Fv2%2Ftags&post=428"}],"curies":[{"name":"wp","href":"https:\/\/api.w.org\/{rel}","templated":true}]}}