{"id":373,"date":"2017-10-06T06:46:46","date_gmt":"2017-10-06T05:46:46","guid":{"rendered":"http:\/\/asylkreis-oftersheim.de\/?p=373"},"modified":"2017-10-06T06:46:46","modified_gmt":"2017-10-06T05:46:46","slug":"herzliche-einladung-zum-begegnungscafe-welcome","status":"publish","type":"post","link":"http:\/\/asylkreis-oftersheim.de\/?p=373","title":{"rendered":"Herzliche Einladung zum Begegnungscaf\u00e9 \u201eWelcome\u201c"},"content":{"rendered":"<p>Der Asylkreis Oftersheim l\u00e4dt alle Oftersheimer B\u00fcrgerinnen und B\u00fcrger sowie Neuzugezogene zu seinem 16. Begegnungscaf\u00e9 \u201eWelcome\u201c ein!<\/p>\n<p>In famili\u00e4rer Atmosph\u00e4re bei Getr\u00e4nken und internationalen H\u00e4ppchen zum Selbstkostenpreis k\u00f6nnen sich Interessierte und Gefl\u00fcchtete kennenlernen. Herzlich willkommen sind daher besonders auch deutschst\u00e4mmige Oftersheimer, die mit gefl\u00fcchteten Menschen ins Gespr\u00e4ch kommen m\u00f6chten und diesen somit Sprachpraxis erm\u00f6glichen.<\/p>\n<p>Das Begegnungscaf\u00e9 findet am <strong>Donnerstag, dem 19. Oktober 2017, ab 18.30 Uhr im Josefshaus<\/strong> in der Bismarckstra\u00dfe statt.<\/p>\n<p>Der Asylkreis Oftersheim freut sich \u00fcber alle, die sich im Rahmen des Begegnungscaf\u00e9s oder bei anderen Angeboten des Asylkreises engagieren m\u00f6chten. Bei Interesse nehmen Sie bitte Kontakt auf mit der Ansprechpartnerin des Asylkreises, Heidi Joos (<a href=\"mailto:Heidi.Joos@Asylkreis-Oftersheim.de\">Heidi.Joos@Asylkreis-Oftersheim.de<\/a>), oder mit der Fl\u00fcchtlings- und Integrationsbeauftragten der Gemeinde Oftersheim, Maria Theresia Tzschoppe (<a href=\"mailto:Fluechtlinge@Oftersheim.de\">Fluechtlinge@Oftersheim.de<\/a>).<\/p>\n","protected":false},"excerpt":{"rendered":"<p>Der Asylkreis Oftersheim l\u00e4dt alle Oftersheimer B\u00fcrgerinnen und B\u00fcrger sowie Neuzugezogene zu seinem 16. Begegnungscaf\u00e9 \u201eWelcome\u201c ein! In famili\u00e4rer Atmosph\u00e4re bei Getr\u00e4nken und internationalen H\u00e4ppchen zum Selbstkostenpreis k\u00f6nnen sich Interessierte und Gefl\u00fcchtete kennenlernen. Herzlich willkommen sind daher besonders auch deutschst\u00e4mmige Oftersheimer, die mit gefl\u00fcchteten Menschen ins Gespr\u00e4ch kommen m\u00f6chten und diesen somit Sprachpraxis erm\u00f6glichen. Das [&hellip;]<\/p>\n","protected":false},"author":3,"featured_media":0,"comment_status":"closed","ping_status":"closed","sticky":false,"template":"","format":"standard","meta":{"footnotes":""},"categories":[1],"tags":[],"class_list":["post-373","post","type-post","status-publish","format-standard","hentry","category-uncategorized"],"_links":{"self":[{"href":"http:\/\/asylkreis-oftersheim.de\/index.php?rest_route=\/wp\/v2\/posts\/373","targetHints":{"allow":["GET"]}}],"collection":[{"href":"http:\/\/asylkreis-oftersheim.de\/index.php?rest_route=\/wp\/v2\/posts"}],"about":[{"href":"http:\/\/asylkreis-oftersheim.de\/index.php?rest_route=\/wp\/v2\/types\/post"}],"author":[{"embeddable":true,"href":"http:\/\/asylkreis-oftersheim.de\/index.php?rest_route=\/wp\/v2\/users\/3"}],"replies":[{"embeddable":true,"href":"http:\/\/asylkreis-oftersheim.de\/index.php?rest_route=%2Fwp%2Fv2%2Fcomments&post=373"}],"version-history":[{"count":4,"href":"http:\/\/asylkreis-oftersheim.de\/index.php?rest_route=\/wp\/v2\/posts\/373\/revisions"}],"predecessor-version":[{"id":377,"href":"http:\/\/asylkreis-oftersheim.de\/index.php?rest_route=\/wp\/v2\/posts\/373\/revisions\/377"}],"wp:attachment":[{"href":"http:\/\/asylkreis-oftersheim.de\/index.php?rest_route=%2Fwp%2Fv2%2Fmedia&parent=373"}],"wp:term":[{"taxonomy":"category","embeddable":true,"href":"http:\/\/asylkreis-oftersheim.de\/index.php?rest_route=%2Fwp%2Fv2%2Fcategories&post=373"},{"taxonomy":"post_tag","embeddable":true,"href":"http:\/\/asylkreis-oftersheim.de\/index.php?rest_route=%2Fwp%2Fv2%2Ftags&post=373"}],"curies":[{"name":"wp","href":"https:\/\/api.w.org\/{rel}","templated":true}]}}