{"id":316,"date":"2017-09-05T08:06:47","date_gmt":"2017-09-05T07:06:47","guid":{"rendered":"http:\/\/asylkreis-oftersheim.de\/?p=316"},"modified":"2017-09-05T08:06:47","modified_gmt":"2017-09-05T07:06:47","slug":"was-machst-du-als-pate-einer-fluechtlingsfamilie","status":"publish","type":"post","link":"http:\/\/asylkreis-oftersheim.de\/?p=316","title":{"rendered":"Was machst du als Pate einer Fl\u00fcchtlingsfamilie?"},"content":{"rendered":"<p><em>Bernd:<\/em> Was machst du denn so als Pate?<\/p>\n<p><em>Ralf:<\/em> Du denkst wohl an Taufpate oder so. Aber mit Religion hat das jetzt gar nichts zu tun. Vielleicht w\u00e4re auch Betreuer oder Ansprechpartner besser.<\/p>\n<p><em>Bernd:<\/em> Betreuer klingt so zeitaufw\u00e4ndig. Fast wie\u2026 rund um die Uhr.<\/p>\n<p><em>Ralf:<\/em> Nein, so ist das nicht. Wenn ein Problem auftaucht, dann kann man mich fragen und dann gehe ich mit auf die Beh\u00f6rde\u00a0 oder so.<\/p>\n<p><em>Bernd:<\/em> Mach mal ein anderes Beispiel.<\/p>\n<p><em>Ralf:<\/em> Also die Fl\u00fcchtlinge brauchen ja ein Bankkonto. Dann gehe ich eben mit auf die Bank und erkl\u00e4re, warum es ohne Bankkonto nicht geht und \u00fcbersetze.<\/p>\n<p><em>Bernd:<\/em> Aber du kannst doch keine anderen Sprachen als dein bisschen Englisch.<\/p>\n<p><em>Ralf:<\/em> Das reicht aber. Ohne Hilfe sind die ja v\u00f6llig aufgeschmissen bei den Antr\u00e4gen beim Arzt, bei der Stadt, beim Ausl\u00e4nderamt und so fort. Und die sind alle auf Deutsch.<\/p>\n<p><em>Bernd:<\/em> Und dann f\u00fcllst du also mit ihnen die Antr\u00e4ge aus und sagst ihnen wo sie unterschreiben sollen.<\/p>\n<p><em>Ralf:<\/em> Ja, und was sie machen m\u00fcssen, welche Belege sie noch brauchen, wo sie die kriegen und wo sie die dann hinbringen.<\/p>\n<p><em>Bernd:<\/em> Das hei\u00dft aber auch, du bist auch mal vormittags unterwegs?<\/p>\n<p><em>Ralf:<\/em> Stimmt. Aber die meisten Stellen sind auch nachmittags auf.<\/p>\n<p><em>Bernd:<\/em> Und wenn du mal selber nicht weiter wei\u00dft.<\/p>\n<p><em>Ralf:<\/em> Dann rufe ich jemanden vom Asylkreis an. Es gibt immer einen Weg. Und je schneller man den findet, desto eher stehen diese Familien dann auf eigenen Beinen.<\/p>\n<p>Bernd: Du sprichst von Familien.<\/p>\n<p><em>Ralf:<\/em> Ja die, die im Goldenen Hirsch untergebracht sind, mit Kindern. Wir brauchen \u00fcbrigens noch dringend ein paar Helfer, weil einige Familien noch niemanden haben, der sie begleitet oder ber\u00e4t. \u00dcbrigens,\u00a0 wie steht\u00b4s denn mit dir? Du k\u00f6nntest doch auch mitmachen.<\/p>\n<p><em>Bernd:<\/em> Ich kann kein Arabisch und die Fl\u00fcchtlinge nur wenig Englisch. Kommt man an die \u00fcberhaupt ran?<\/p>\n<p><em>Ralf:<\/em> Das ist \u00fcbrigens eine ganz tolle Erfahrung f\u00fcr mich. Den emotionalen Kontakt sp\u00fcre ich sofort. Die wissen ja, dass du ihnen helfen willst und sind so dankbar. Sprachlich hapert\u00b4s zwar, aber mit meinem bisschen Englisch und mit H\u00e4nd und F\u00fc\u00df, wie man so sagt, kommt man durch.<\/p>\n<p><em>Bernd:<\/em> Du meinst, das w\u00e4r auch was f\u00fcr mich?<\/p>\n<p><em>Ralf:<\/em> Absolut. Auch f\u00fcr deine Frau. Komm macht doch mit. Ich z\u00e4hl auf euch.<\/p>\n<p><em>E.G. \u2013 Pate im Asylkreis Oftersheim<\/em><\/p>\n","protected":false},"excerpt":{"rendered":"<p>Bernd: Was machst du denn so als Pate? Ralf: Du denkst wohl an Taufpate oder so. Aber mit Religion hat das jetzt gar nichts zu tun. Vielleicht w\u00e4re auch Betreuer oder Ansprechpartner besser. Bernd: Betreuer klingt so zeitaufw\u00e4ndig. Fast wie\u2026 rund um die Uhr. Ralf: Nein, so ist das nicht. Wenn ein Problem auftaucht, dann [&hellip;]<\/p>\n","protected":false},"author":1,"featured_media":0,"comment_status":"closed","ping_status":"closed","sticky":false,"template":"","format":"standard","meta":{"footnotes":""},"categories":[3],"tags":[5],"class_list":["post-316","post","type-post","status-publish","format-standard","hentry","category-interview","tag-pate"],"_links":{"self":[{"href":"http:\/\/asylkreis-oftersheim.de\/index.php?rest_route=\/wp\/v2\/posts\/316","targetHints":{"allow":["GET"]}}],"collection":[{"href":"http:\/\/asylkreis-oftersheim.de\/index.php?rest_route=\/wp\/v2\/posts"}],"about":[{"href":"http:\/\/asylkreis-oftersheim.de\/index.php?rest_route=\/wp\/v2\/types\/post"}],"author":[{"embeddable":true,"href":"http:\/\/asylkreis-oftersheim.de\/index.php?rest_route=\/wp\/v2\/users\/1"}],"replies":[{"embeddable":true,"href":"http:\/\/asylkreis-oftersheim.de\/index.php?rest_route=%2Fwp%2Fv2%2Fcomments&post=316"}],"version-history":[{"count":1,"href":"http:\/\/asylkreis-oftersheim.de\/index.php?rest_route=\/wp\/v2\/posts\/316\/revisions"}],"predecessor-version":[{"id":317,"href":"http:\/\/asylkreis-oftersheim.de\/index.php?rest_route=\/wp\/v2\/posts\/316\/revisions\/317"}],"wp:attachment":[{"href":"http:\/\/asylkreis-oftersheim.de\/index.php?rest_route=%2Fwp%2Fv2%2Fmedia&parent=316"}],"wp:term":[{"taxonomy":"category","embeddable":true,"href":"http:\/\/asylkreis-oftersheim.de\/index.php?rest_route=%2Fwp%2Fv2%2Fcategories&post=316"},{"taxonomy":"post_tag","embeddable":true,"href":"http:\/\/asylkreis-oftersheim.de\/index.php?rest_route=%2Fwp%2Fv2%2Ftags&post=316"}],"curies":[{"name":"wp","href":"https:\/\/api.w.org\/{rel}","templated":true}]}}