{"id":2191,"date":"2026-09-03T10:51:00","date_gmt":"2026-09-03T09:51:00","guid":{"rendered":"http:\/\/asylkreis-oftersheim.de\/?p=2191"},"modified":"2026-07-23T10:42:40","modified_gmt":"2026-07-23T09:42:40","slug":"asylkreis-begegnungscafe-am-17-september-2026","status":"publish","type":"post","link":"http:\/\/asylkreis-oftersheim.de\/?p=2191","title":{"rendered":"Begegnungscaf\u00e9 am 17. September 2026"},"content":{"rendered":"\n<p>Der Asylkreis Oftersheim l\u00e4dt am <strong>Donnerstag, den 17. September 2026<\/strong>, zum n\u00e4chsten <strong>Begegnungscaf\u00e9<\/strong> ein. Ab <strong>18 Uhr<\/strong> kommen Familien, Freunde, Ehrenamtliche und Interessierte im evangelischen Gemeindehaus zusammen, um miteinander ins Gespr\u00e4ch zu kommen, aktuelle Themen zu besprechen und einen gem\u00fctlichen Abend in netter Gesellschaft zu verbringen.<\/p>\n\n\n\n<p>F\u00fcr Getr\u00e4nke und Snacks ist gesorgt. Wer m\u00f6chte, kann das B\u00fcfett mit einer s\u00fc\u00dfen oder herzhaften K\u00f6stlichkeit erg\u00e4nzen. <\/p>\n\n\n\n<p>Der Asylkreis Oftersheim freut sich auf den gemeinsamen Abend. <\/p>\n\n\n\n<div class=\"wp-block-media-text is-stacked-on-mobile\" style=\"grid-template-columns:43% auto\"><figure class=\"wp-block-media-text__media\"><img loading=\"lazy\" decoding=\"async\" width=\"715\" height=\"549\" src=\"http:\/\/asylkreis-oftersheim.de\/wp-content\/uploads\/2026\/03\/image-2.png\" alt=\"\" class=\"wp-image-2072 size-full\" srcset=\"http:\/\/asylkreis-oftersheim.de\/wp-content\/uploads\/2026\/03\/image-2.png 715w, http:\/\/asylkreis-oftersheim.de\/wp-content\/uploads\/2026\/03\/image-2-300x230.png 300w\" sizes=\"auto, (max-width: 715px) 100vw, 715px\" \/><\/figure><div class=\"wp-block-media-text__content\">\n<p><strong>Kurz und knapp:<\/strong><\/p>\n\n\n\n<p><strong>Was?<\/strong> <br>Kennenlernen in gem\u00fctlicher Atmosph\u00e4re bei Getr\u00e4nken, Snacks und netten Gespr\u00e4chen.<br><strong>Wann?<\/strong> <br>Am Donnerstag, den 17. September 2026, <br>von 18:00 Uhr bis 19:30 Uhr<br><strong>Wo?<\/strong>&nbsp;&nbsp;&nbsp;&nbsp; <br>Im evangelischen Gemeindehaus in der Eichendorff Stra\u00dfe 1a in Oftersheim<\/p>\n\n\n\n<p>  <strong><em>Die Teilnahme ist kostenlos.<\/em><\/strong><\/p>\n\n\n\n<p><\/p>\n\n\n\n<p><\/p>\n<\/div><\/div>\n\n\n\n<p><\/p>\n","protected":false},"excerpt":{"rendered":"<p>Der Asylkreis Oftersheim l\u00e4dt am Donnerstag, den 17. September 2026, zum n\u00e4chsten Begegnungscaf\u00e9 ein. Ab 18 Uhr kommen Familien, Freunde, Ehrenamtliche und Interessierte im evangelischen Gemeindehaus zusammen, um miteinander ins Gespr\u00e4ch zu kommen, aktuelle Themen zu besprechen und einen gem\u00fctlichen Abend in netter Gesellschaft zu verbringen. F\u00fcr Getr\u00e4nke und Snacks ist gesorgt. Wer m\u00f6chte, kann [&hellip;]<\/p>\n","protected":false},"author":4,"featured_media":0,"comment_status":"closed","ping_status":"closed","sticky":false,"template":"","format":"standard","meta":{"footnotes":""},"categories":[4],"tags":[],"class_list":["post-2191","post","type-post","status-publish","format-standard","hentry","category-news"],"_links":{"self":[{"href":"http:\/\/asylkreis-oftersheim.de\/index.php?rest_route=\/wp\/v2\/posts\/2191","targetHints":{"allow":["GET"]}}],"collection":[{"href":"http:\/\/asylkreis-oftersheim.de\/index.php?rest_route=\/wp\/v2\/posts"}],"about":[{"href":"http:\/\/asylkreis-oftersheim.de\/index.php?rest_route=\/wp\/v2\/types\/post"}],"author":[{"embeddable":true,"href":"http:\/\/asylkreis-oftersheim.de\/index.php?rest_route=\/wp\/v2\/users\/4"}],"replies":[{"embeddable":true,"href":"http:\/\/asylkreis-oftersheim.de\/index.php?rest_route=%2Fwp%2Fv2%2Fcomments&post=2191"}],"version-history":[{"count":7,"href":"http:\/\/asylkreis-oftersheim.de\/index.php?rest_route=\/wp\/v2\/posts\/2191\/revisions"}],"predecessor-version":[{"id":2211,"href":"http:\/\/asylkreis-oftersheim.de\/index.php?rest_route=\/wp\/v2\/posts\/2191\/revisions\/2211"}],"wp:attachment":[{"href":"http:\/\/asylkreis-oftersheim.de\/index.php?rest_route=%2Fwp%2Fv2%2Fmedia&parent=2191"}],"wp:term":[{"taxonomy":"category","embeddable":true,"href":"http:\/\/asylkreis-oftersheim.de\/index.php?rest_route=%2Fwp%2Fv2%2Fcategories&post=2191"},{"taxonomy":"post_tag","embeddable":true,"href":"http:\/\/asylkreis-oftersheim.de\/index.php?rest_route=%2Fwp%2Fv2%2Ftags&post=2191"}],"curies":[{"name":"wp","href":"https:\/\/api.w.org\/{rel}","templated":true}]}}