{"id":2093,"date":"2026-04-29T08:21:15","date_gmt":"2026-04-29T07:21:15","guid":{"rendered":"http:\/\/asylkreis-oftersheim.de\/?p=2093"},"modified":"2026-04-29T08:21:15","modified_gmt":"2026-04-29T07:21:15","slug":"begegnungen-erfolge-und-abschied-nehmen","status":"publish","type":"post","link":"http:\/\/asylkreis-oftersheim.de\/?p=2093","title":{"rendered":"Begegnungen, Erfolge und Abschied nehmen"},"content":{"rendered":"\n<figure class=\"wp-block-image size-full\"><img loading=\"lazy\" decoding=\"async\" width=\"900\" height=\"300\" src=\"http:\/\/asylkreis-oftersheim.de\/wp-content\/uploads\/2016\/01\/cropped-logo_header-1.png\" alt=\"\" class=\"wp-image-52\" srcset=\"http:\/\/asylkreis-oftersheim.de\/wp-content\/uploads\/2016\/01\/cropped-logo_header-1.png 900w, http:\/\/asylkreis-oftersheim.de\/wp-content\/uploads\/2016\/01\/cropped-logo_header-1-300x100.png 300w, http:\/\/asylkreis-oftersheim.de\/wp-content\/uploads\/2016\/01\/cropped-logo_header-1-768x256.png 768w\" sizes=\"auto, (max-width: 900px) 100vw, 900px\" \/><\/figure>\n\n\n\n<p>Der Asylkreis Oftersheim hatte wieder zum Begegnungscaf\u00e9 eingeladen und viele Menschen folgten dieser Einladung. Am 23. April kamen ab 18 Uhr Menschen unterschiedlichen Alters und unterschiedlicher Herkunft im evangelischen Gemeindehaus zusammen, um einander kennenzulernen, neue Kontakte zu kn\u00fcpfen und Freundschaften zu pflegen. Neben bekannten Gesichtern zeigten sich auch neu Zugezogene, die u.a. aus Afghanistan und der Ukraine kamen. Die M\u00f6glichkeit, sich in der f\u00fcr sie teils neuen deutschen Sprache auszutauschen, wurde freudig genutzt.<\/p>\n\n\n\n<p>Auch an diesem Abend war die Wohnungssuche ein zentrales Thema, das besprochen wurde. W\u00e4hrend viele auf der Suche nach bezahlbarem Wohnraum sind und die Gelegenheit nutzten, um sich unter den Anwesenden umzuh\u00f6ren, berichteten einige auch von ihren Erfolgen: Ein junger Mann hat eine Wohnung in der N\u00e4he seiner Arbeitsst\u00e4tte gefunden. Eine andere Familie wird bald wegziehen, da der Familienvater eine feste Anstellung und eine gr\u00f6\u00dfere Wohnung gefunden hat. <br>Auch wenn es freudige Neuigkeiten waren, so fiel es einigen sichtlich schwer, Abschied von Oftersheim und den vielen Menschen zu nehmen, die sie nach ihrer Ankunft so engagiert und herzlich unterst\u00fctzt haben.<\/p>\n\n\n\n<p>Und w\u00e4hrend sich die Gro\u00dfen unterhielten, nutzen die Kinder die Gelegenheit, um im evangelischen Gemeindehaus kr\u00e4ftig zu spielen und zu toben. Das reichhaltige B\u00fcfett wurde dabei von allen genossen und so gingen die Teilnehmenden satt und sichtlich zufrieden nach Hause. <\/p>\n\n\n\n<p>Auch diesmal geht ein gro\u00dfes Dankesch\u00f6n an das Organisationsteam und die Spender*innen, die zum vielf\u00e4ltigen B\u00fcfett und dem Gelingen beigetragen haben. <\/p>\n\n\n\n<p>B. Josupeit<\/p>\n","protected":false},"excerpt":{"rendered":"<p>Der Asylkreis Oftersheim hatte wieder zum Begegnungscaf\u00e9 eingeladen und viele Menschen folgten dieser Einladung. Am 23. April kamen ab 18 Uhr Menschen unterschiedlichen Alters und unterschiedlicher Herkunft im evangelischen Gemeindehaus zusammen, um einander kennenzulernen, neue Kontakte zu kn\u00fcpfen und Freundschaften zu pflegen. Neben bekannten Gesichtern zeigten sich auch neu Zugezogene, die u.a. aus Afghanistan und [&hellip;]<\/p>\n","protected":false},"author":4,"featured_media":0,"comment_status":"closed","ping_status":"closed","sticky":false,"template":"","format":"standard","meta":{"footnotes":""},"categories":[4],"tags":[],"class_list":["post-2093","post","type-post","status-publish","format-standard","hentry","category-news"],"_links":{"self":[{"href":"http:\/\/asylkreis-oftersheim.de\/index.php?rest_route=\/wp\/v2\/posts\/2093","targetHints":{"allow":["GET"]}}],"collection":[{"href":"http:\/\/asylkreis-oftersheim.de\/index.php?rest_route=\/wp\/v2\/posts"}],"about":[{"href":"http:\/\/asylkreis-oftersheim.de\/index.php?rest_route=\/wp\/v2\/types\/post"}],"author":[{"embeddable":true,"href":"http:\/\/asylkreis-oftersheim.de\/index.php?rest_route=\/wp\/v2\/users\/4"}],"replies":[{"embeddable":true,"href":"http:\/\/asylkreis-oftersheim.de\/index.php?rest_route=%2Fwp%2Fv2%2Fcomments&post=2093"}],"version-history":[{"count":5,"href":"http:\/\/asylkreis-oftersheim.de\/index.php?rest_route=\/wp\/v2\/posts\/2093\/revisions"}],"predecessor-version":[{"id":2098,"href":"http:\/\/asylkreis-oftersheim.de\/index.php?rest_route=\/wp\/v2\/posts\/2093\/revisions\/2098"}],"wp:attachment":[{"href":"http:\/\/asylkreis-oftersheim.de\/index.php?rest_route=%2Fwp%2Fv2%2Fmedia&parent=2093"}],"wp:term":[{"taxonomy":"category","embeddable":true,"href":"http:\/\/asylkreis-oftersheim.de\/index.php?rest_route=%2Fwp%2Fv2%2Fcategories&post=2093"},{"taxonomy":"post_tag","embeddable":true,"href":"http:\/\/asylkreis-oftersheim.de\/index.php?rest_route=%2Fwp%2Fv2%2Ftags&post=2093"}],"curies":[{"name":"wp","href":"https:\/\/api.w.org\/{rel}","templated":true}]}}