{"id":1785,"date":"2025-03-24T07:40:00","date_gmt":"2025-03-24T06:40:00","guid":{"rendered":"http:\/\/asylkreis-oftersheim.de\/?p=1785"},"modified":"2025-04-15T07:44:23","modified_gmt":"2025-04-15T06:44:23","slug":"kein-bock-auf-muell-2","status":"publish","type":"post","link":"http:\/\/asylkreis-oftersheim.de\/?p=1785","title":{"rendered":"Kein Bock Auf M\u00fcll!"},"content":{"rendered":"\n<p><\/p>\n\n\n\n<p>Am Samstag, den 22. M\u00e4rz 2025, fand in Oftersheim zum f\u00fcnften Mal die sogenannte \u201eK-Bam \u2013 Kein Bock auf M\u00fcll\u201c-Aktion statt. Auch in diesem Jahr folgten wieder zahlreiche Helferinnen und Helfer dem Aufruf, der von einigen lokalen Organisationen unterst\u00fctzt wurde, darunter das Asylkreis\/Integrationsb\u00fcro (Heidi Joos und Sevil Becker), das Jugendzentrum (Vivien Gierden) sowie die Jugendbeteiligung (JuBetO, Lukas Polifka und Liam de Haan) und das Jugendreferat (Sebastian L\u00e4ngerer). Gemeinsam wurde ein starkes Zeichen f\u00fcr den Umweltschutz und die Verantwortung gegen\u00fcber der Natur gesetzt.&nbsp;<\/p>\n\n\n\n<p>Bei der M\u00fcllsammelaktion nahmen 24 motivierte Teilnehmer, darunter nicht nur Jugendliche, sondern auch junge Erwachsene aus der Gemeinde teil. Erfreulich zeigten sich die Organisatoren sowie die Teilnehmer \u00fcber die Unterst\u00fctzung von dem Edeka Embach. Dieser spendierte Snacks und Getr\u00e4nke, f\u00fcr die engagierten M\u00fcllsammler. Die Vereinsmitglieder des Wildgeheges Oftersheim, allen voran Familie Welter, sorgten f\u00fcr die Bewirtung der flei\u00dfigen Helfer und hielten warme Fleischk\u00e4sebr\u00f6tchen f\u00fcr die hungrigen Sammler bereit.<\/p>\n\n\n\n<p>Der Treffpunkt f\u00fcr die Teilnehmer war die Grillh\u00fctte im Oftersheimer Wald, von wo aus den einzelnen Gruppen ihre Touren starteten. Bereits beim Eintreffen, fielen die ersten Abf\u00e4lle ins Auge \u2013 leere Hugo-Flaschen, Einweggrills und Verpackungen von Fleischprodukten lagen auf den Tischen und dem Rasen rund um die Grillh\u00fctte. Dieser Abfall unterstrich die Notwendigkeit solcher Aktionen: Nur durch aktives Handeln kann auf das Problem der M\u00fcllentsorgung aufmerksam gemacht werden.<\/p>\n\n\n\n<p>Jugendreferent Sebastian L\u00e4ngerer begr\u00fc\u00dfte alle Teilnehmer und betonte, wie wichtig es sei, dass sowohl Jugendliche als auch Erwachsene aktiv (ehrenamtlich) f\u00fcr den Umweltschutz eintraten. Danach wurden die Teilnehmer in verschiedene Gruppen eingeteilt, die jeweils unterschiedliche Gebiete abdeckten. Die eine Gruppe sammelte von der Grillh\u00fctte bis zum Jugendplatz und wieder zur\u00fcck \u00fcber die Felder, w\u00e4hrend eine andere sich ausschlie\u00dflich auf das Areal rund um die Grillh\u00fctte konzentrierte. Die Zangen sowie M\u00fcllbeutel und Transportfahrzeug, wurden vom Bauhof bereitgestellt.<\/p>\n\n\n\n<p>Ab 11 Uhr machten sich die engagierten Sammler auf den Weg, und es dauerte nicht lange, bis sie auf den ersten M\u00fcll stie\u00dfen. Besonders auff\u00e4llig und erfreulich war, dass in diesem Jahr weniger M\u00fcll als in den Vorjahren zu finden war. Trotzdem gab es auch in diesem Jahr Funde wie leere Kanister, Zigarettenstummel, leere Flaschen und Verpackungen, die nicht ordnungsgem\u00e4\u00df entsorgt worden waren.<\/p>\n\n\n\n<p>Gegen 13:30 Uhr kehrten die letzten Gruppen zur Grillh\u00fctte zur\u00fcck, wo die flei\u00dfigen Sammler ihre Beute ablieferten \u2013 insgesamt f\u00fcllten sich elf M\u00fclls\u00e4cke. Bei einer gemeinsamen Mahlzeit, konnten sich alle Beteiligten st\u00e4rken, und es wurde \u00fcber die Bedeutung solcher Aktionen und die Erlebnisse des Tages gesprochen. Ab etwa 14 Uhr traten die Helfer ihren Heimweg an, zufrieden und mit dem guten Gef\u00fchl, einen wertvollen Beitrag f\u00fcr den Umweltschutz geleistet zu haben. Der Erfolg der Aktion war nicht nur in den vollen M\u00fclls\u00e4cken sichtbar, sondern auch in den vielen Gespr\u00e4chen und der positiven Stimmung unter den Teilnehmern.&nbsp;&nbsp;&nbsp;&nbsp;&nbsp;&nbsp;&nbsp;&nbsp;&nbsp;&nbsp;&nbsp;&nbsp;&nbsp;&nbsp;&nbsp;&nbsp;&nbsp;&nbsp;&nbsp;&nbsp;&nbsp; &nbsp;&nbsp;&nbsp;&nbsp;&nbsp;&nbsp;&nbsp;&nbsp;&nbsp;&nbsp;&nbsp;&nbsp;&nbsp;&nbsp;&nbsp;&nbsp;&nbsp;&nbsp;&nbsp;&nbsp;&nbsp;&nbsp;&nbsp;<\/p>\n\n\n\n<figure class=\"wp-block-image size-large\"><img loading=\"lazy\" decoding=\"async\" width=\"732\" height=\"1024\" src=\"http:\/\/asylkreis-oftersheim.de\/wp-content\/uploads\/2025\/04\/Flyer_Titelblatt_MB-732x1024.jpg\" alt=\"\" class=\"wp-image-1786\" srcset=\"http:\/\/asylkreis-oftersheim.de\/wp-content\/uploads\/2025\/04\/Flyer_Titelblatt_MB-732x1024.jpg 732w, http:\/\/asylkreis-oftersheim.de\/wp-content\/uploads\/2025\/04\/Flyer_Titelblatt_MB-214x300.jpg 214w, http:\/\/asylkreis-oftersheim.de\/wp-content\/uploads\/2025\/04\/Flyer_Titelblatt_MB-768x1075.jpg 768w, http:\/\/asylkreis-oftersheim.de\/wp-content\/uploads\/2025\/04\/Flyer_Titelblatt_MB-1097x1536.jpg 1097w, http:\/\/asylkreis-oftersheim.de\/wp-content\/uploads\/2025\/04\/Flyer_Titelblatt_MB-1463x2048.jpg 1463w, http:\/\/asylkreis-oftersheim.de\/wp-content\/uploads\/2025\/04\/Flyer_Titelblatt_MB.jpg 1772w\" sizes=\"auto, (max-width: 732px) 100vw, 732px\" \/><\/figure>\n","protected":false},"excerpt":{"rendered":"<p>Am Samstag, den 22. M\u00e4rz 2025, fand in Oftersheim zum f\u00fcnften Mal die sogenannte \u201eK-Bam \u2013 Kein Bock auf M\u00fcll\u201c-Aktion statt. Auch in diesem Jahr folgten wieder zahlreiche Helferinnen und Helfer dem Aufruf, der von einigen lokalen Organisationen unterst\u00fctzt wurde, darunter das Asylkreis\/Integrationsb\u00fcro (Heidi Joos und Sevil Becker), das Jugendzentrum (Vivien Gierden) sowie die Jugendbeteiligung [&hellip;]<\/p>\n","protected":false},"author":5,"featured_media":1787,"comment_status":"closed","ping_status":"closed","sticky":false,"template":"","format":"standard","meta":{"footnotes":""},"categories":[1],"tags":[],"class_list":["post-1785","post","type-post","status-publish","format-standard","has-post-thumbnail","hentry","category-uncategorized"],"_links":{"self":[{"href":"http:\/\/asylkreis-oftersheim.de\/index.php?rest_route=\/wp\/v2\/posts\/1785","targetHints":{"allow":["GET"]}}],"collection":[{"href":"http:\/\/asylkreis-oftersheim.de\/index.php?rest_route=\/wp\/v2\/posts"}],"about":[{"href":"http:\/\/asylkreis-oftersheim.de\/index.php?rest_route=\/wp\/v2\/types\/post"}],"author":[{"embeddable":true,"href":"http:\/\/asylkreis-oftersheim.de\/index.php?rest_route=\/wp\/v2\/users\/5"}],"replies":[{"embeddable":true,"href":"http:\/\/asylkreis-oftersheim.de\/index.php?rest_route=%2Fwp%2Fv2%2Fcomments&post=1785"}],"version-history":[{"count":2,"href":"http:\/\/asylkreis-oftersheim.de\/index.php?rest_route=\/wp\/v2\/posts\/1785\/revisions"}],"predecessor-version":[{"id":1789,"href":"http:\/\/asylkreis-oftersheim.de\/index.php?rest_route=\/wp\/v2\/posts\/1785\/revisions\/1789"}],"wp:featuredmedia":[{"embeddable":true,"href":"http:\/\/asylkreis-oftersheim.de\/index.php?rest_route=\/wp\/v2\/media\/1787"}],"wp:attachment":[{"href":"http:\/\/asylkreis-oftersheim.de\/index.php?rest_route=%2Fwp%2Fv2%2Fmedia&parent=1785"}],"wp:term":[{"taxonomy":"category","embeddable":true,"href":"http:\/\/asylkreis-oftersheim.de\/index.php?rest_route=%2Fwp%2Fv2%2Fcategories&post=1785"},{"taxonomy":"post_tag","embeddable":true,"href":"http:\/\/asylkreis-oftersheim.de\/index.php?rest_route=%2Fwp%2Fv2%2Ftags&post=1785"}],"curies":[{"name":"wp","href":"https:\/\/api.w.org\/{rel}","templated":true}]}}