{"id":1743,"date":"2025-03-18T09:16:41","date_gmt":"2025-03-18T08:16:41","guid":{"rendered":"http:\/\/asylkreis-oftersheim.de\/?p=1743"},"modified":"2025-03-18T09:17:10","modified_gmt":"2025-03-18T08:17:10","slug":"asylkreis-mitglieder-feierten-gemeinsam-den-iftar-das-fastenbrechen-im-ramadan","status":"publish","type":"post","link":"http:\/\/asylkreis-oftersheim.de\/?p=1743","title":{"rendered":"Asylkreis-Mitglieder feierten gemeinsam den Iftar (das Fastenbrechen im Ramadan)"},"content":{"rendered":"\n<p><\/p>\n\n\n\n<p>Am Samstag, den 15. M\u00e4rz, versammelten sich Mitglieder des Asylkreises und Freunde im evangelischen Gemeindehaus, um gemeinsam den Iftar zu feiern. Jeder brachte eine besondere K\u00f6stlichkeit mit, sodass ein buntes und reichhaltiges Buffet entstand \u2013 ein Spiegel der kulinarischen Vielfalt, die die Anwesenden verband.<\/p>\n\n\n\n<p>Die Atmosph\u00e4re war von Anfang an herzlich und offen. Zum Auftakt sprach die Integrationsbeauftragte Sevil Becker \u00fcber die Bedeutung des Ramadans und die Tradition des Fastens. Dann erklang der Gebetsruf des Imams, und mit einem gemeinsamen Bittgebet (Du\u02bf\u0101\u02be) wurde das Fasten feierlich gebrochen.<\/p>\n\n\n\n<p>Doch der Abend war weit mehr als nur ein gemeinsames Essen. Bei angeregten Gespr\u00e4chen und fr\u00f6hlichem Miteinander wuchs die Gemeinschaft sp\u00fcrbar zusammen. Die Veranstaltung war ein wunderbares Beispiel daf\u00fcr, wie gelebte Vielfalt Br\u00fccken bauen und Menschen verbinden kann.<\/p>\n\n\n\n<p>Ein herzliches Dankesch\u00f6n gilt allen, die diesen besonderen Abend m\u00f6glich gemacht haben \u2013 insbesondere den Organisatoren Sevil Becker und Nurcan Karakas, die mit gro\u00dfem Engagement zum Gelingen beigetragen haben.<\/p>\n\n\n\n<p>Sevil Becker<\/p>\n","protected":false},"excerpt":{"rendered":"<p>Am Samstag, den 15. M\u00e4rz, versammelten sich Mitglieder des Asylkreises und Freunde im evangelischen Gemeindehaus, um gemeinsam den Iftar zu feiern. Jeder brachte eine besondere K\u00f6stlichkeit mit, sodass ein buntes und reichhaltiges Buffet entstand \u2013 ein Spiegel der kulinarischen Vielfalt, die die Anwesenden verband. Die Atmosph\u00e4re war von Anfang an herzlich und offen. Zum Auftakt [&hellip;]<\/p>\n","protected":false},"author":5,"featured_media":1744,"comment_status":"closed","ping_status":"closed","sticky":false,"template":"","format":"standard","meta":{"footnotes":""},"categories":[4],"tags":[],"class_list":["post-1743","post","type-post","status-publish","format-standard","has-post-thumbnail","hentry","category-news"],"_links":{"self":[{"href":"http:\/\/asylkreis-oftersheim.de\/index.php?rest_route=\/wp\/v2\/posts\/1743","targetHints":{"allow":["GET"]}}],"collection":[{"href":"http:\/\/asylkreis-oftersheim.de\/index.php?rest_route=\/wp\/v2\/posts"}],"about":[{"href":"http:\/\/asylkreis-oftersheim.de\/index.php?rest_route=\/wp\/v2\/types\/post"}],"author":[{"embeddable":true,"href":"http:\/\/asylkreis-oftersheim.de\/index.php?rest_route=\/wp\/v2\/users\/5"}],"replies":[{"embeddable":true,"href":"http:\/\/asylkreis-oftersheim.de\/index.php?rest_route=%2Fwp%2Fv2%2Fcomments&post=1743"}],"version-history":[{"count":2,"href":"http:\/\/asylkreis-oftersheim.de\/index.php?rest_route=\/wp\/v2\/posts\/1743\/revisions"}],"predecessor-version":[{"id":1746,"href":"http:\/\/asylkreis-oftersheim.de\/index.php?rest_route=\/wp\/v2\/posts\/1743\/revisions\/1746"}],"wp:featuredmedia":[{"embeddable":true,"href":"http:\/\/asylkreis-oftersheim.de\/index.php?rest_route=\/wp\/v2\/media\/1744"}],"wp:attachment":[{"href":"http:\/\/asylkreis-oftersheim.de\/index.php?rest_route=%2Fwp%2Fv2%2Fmedia&parent=1743"}],"wp:term":[{"taxonomy":"category","embeddable":true,"href":"http:\/\/asylkreis-oftersheim.de\/index.php?rest_route=%2Fwp%2Fv2%2Fcategories&post=1743"},{"taxonomy":"post_tag","embeddable":true,"href":"http:\/\/asylkreis-oftersheim.de\/index.php?rest_route=%2Fwp%2Fv2%2Ftags&post=1743"}],"curies":[{"name":"wp","href":"https:\/\/api.w.org\/{rel}","templated":true}]}}