{"id":1728,"date":"2024-12-09T12:27:00","date_gmt":"2024-12-09T11:27:00","guid":{"rendered":"http:\/\/asylkreis-oftersheim.de\/?p=1728"},"modified":"2025-02-06T20:32:26","modified_gmt":"2025-02-06T19:32:26","slug":"der-nikolaus-besucht-den-asylkreis","status":"publish","type":"post","link":"http:\/\/asylkreis-oftersheim.de\/?p=1728","title":{"rendered":"Der Nikolaus besucht den Asylkreis"},"content":{"rendered":"\n<figure class=\"wp-block-image size-large\"><img loading=\"lazy\" decoding=\"async\" width=\"1024\" height=\"768\" src=\"http:\/\/asylkreis-oftersheim.de\/wp-content\/uploads\/2025\/02\/nikolaus-1024x768.jpg\" alt=\"\" class=\"wp-image-1729\" srcset=\"http:\/\/asylkreis-oftersheim.de\/wp-content\/uploads\/2025\/02\/nikolaus-1024x768.jpg 1024w, http:\/\/asylkreis-oftersheim.de\/wp-content\/uploads\/2025\/02\/nikolaus-300x225.jpg 300w, http:\/\/asylkreis-oftersheim.de\/wp-content\/uploads\/2025\/02\/nikolaus-768x576.jpg 768w, http:\/\/asylkreis-oftersheim.de\/wp-content\/uploads\/2025\/02\/nikolaus-1536x1153.jpg 1536w, http:\/\/asylkreis-oftersheim.de\/wp-content\/uploads\/2025\/02\/nikolaus.jpg 1599w\" sizes=\"auto, (max-width: 1024px) 100vw, 1024px\" \/><\/figure>\n\n\n\n<p>Bereits ein Tag vor dem eigentlichen Nikolaustag wollte sich der Nikolaus mit den Kindern des Asylkreises im Gemeindepark treffen. Leider kam der Regen dazwischen, sodass sich die Kinder mit ihren Eltern im evangelischen Gemeindehaus versammeln mussten.<br><br>Wird sie da der Nikolaus finden? Das war die gro\u00dfe Sorge der Kinder! Aber durch ihr Singen und Rufen fand sie der Nikolaus auch im Gemeindehaus. F\u00fcr jedes Kind hatte er ein besonderes Geschenk mitgebracht. Die Freude dar\u00fcber war sehr gro\u00df. Als er wieder gegangen war, durften die Kinder das von Frau Ro\u00dfmann mit leckeren S\u00fc\u00dfigkeiten best\u00fcckte Hexenh\u00e4uschen pl\u00fcndern und alle, auch die Erwachsenen tranken Kinderpunsch, a\u00dfen Spekulatius und Lebkuchen und unterhielten sich pr\u00e4chtig dabei.<br><br>Dem Nikolaus und allen, die den Nikolausbesuch vorbereitet hatten und Frau Ro\u00dfmann f\u00fcr das Hexenh\u00e4uschen ein herzliches Dankesch\u00f6n.<br><br>Heidi Joos<\/p>\n","protected":false},"excerpt":{"rendered":"<p>Bereits ein Tag vor dem eigentlichen Nikolaustag wollte sich der Nikolaus mit den Kindern des Asylkreises im Gemeindepark treffen. Leider kam der Regen dazwischen, sodass sich die Kinder mit ihren Eltern im evangelischen Gemeindehaus versammeln mussten. Wird sie da der Nikolaus finden? Das war die gro\u00dfe Sorge der Kinder! Aber durch ihr Singen und Rufen [&hellip;]<\/p>\n","protected":false},"author":5,"featured_media":0,"comment_status":"closed","ping_status":"closed","sticky":false,"template":"","format":"standard","meta":{"footnotes":""},"categories":[4],"tags":[],"class_list":["post-1728","post","type-post","status-publish","format-standard","hentry","category-news"],"_links":{"self":[{"href":"http:\/\/asylkreis-oftersheim.de\/index.php?rest_route=\/wp\/v2\/posts\/1728","targetHints":{"allow":["GET"]}}],"collection":[{"href":"http:\/\/asylkreis-oftersheim.de\/index.php?rest_route=\/wp\/v2\/posts"}],"about":[{"href":"http:\/\/asylkreis-oftersheim.de\/index.php?rest_route=\/wp\/v2\/types\/post"}],"author":[{"embeddable":true,"href":"http:\/\/asylkreis-oftersheim.de\/index.php?rest_route=\/wp\/v2\/users\/5"}],"replies":[{"embeddable":true,"href":"http:\/\/asylkreis-oftersheim.de\/index.php?rest_route=%2Fwp%2Fv2%2Fcomments&post=1728"}],"version-history":[{"count":1,"href":"http:\/\/asylkreis-oftersheim.de\/index.php?rest_route=\/wp\/v2\/posts\/1728\/revisions"}],"predecessor-version":[{"id":1730,"href":"http:\/\/asylkreis-oftersheim.de\/index.php?rest_route=\/wp\/v2\/posts\/1728\/revisions\/1730"}],"wp:attachment":[{"href":"http:\/\/asylkreis-oftersheim.de\/index.php?rest_route=%2Fwp%2Fv2%2Fmedia&parent=1728"}],"wp:term":[{"taxonomy":"category","embeddable":true,"href":"http:\/\/asylkreis-oftersheim.de\/index.php?rest_route=%2Fwp%2Fv2%2Fcategories&post=1728"},{"taxonomy":"post_tag","embeddable":true,"href":"http:\/\/asylkreis-oftersheim.de\/index.php?rest_route=%2Fwp%2Fv2%2Ftags&post=1728"}],"curies":[{"name":"wp","href":"https:\/\/api.w.org\/{rel}","templated":true}]}}