{"id":1522,"date":"2024-04-13T12:19:00","date_gmt":"2024-04-13T11:19:00","guid":{"rendered":"http:\/\/asylkreis-oftersheim.de\/?p=1522"},"modified":"2024-04-08T12:23:18","modified_gmt":"2024-04-08T11:23:18","slug":"k-bam-kein-bock-auf-muell","status":"publish","type":"post","link":"http:\/\/asylkreis-oftersheim.de\/?p=1522","title":{"rendered":"K-BAM &#8211; Kein Bock auf M\u00fcll"},"content":{"rendered":"\n<p><strong>Der Asylkreis Oftersheim und das Integrationsb\u00fcro der Gemeinde Oftersheim zusammen mit dem Jugendreferat:<br><br>K-BAM! \u2013 Kein Bock auf M\u00fcll<\/strong><\/p>\n\n\n\n<p>Wir wollen etwas aufr\u00e4umen und unsere sch\u00f6ne Gemeinde vom M\u00fcll befreien.<\/p>\n\n\n\n<p>Am<strong> Samstag, den<\/strong> <strong>27. April 2024,<\/strong> organisiert der Asylkreis und das Team des Integrationsb\u00fcros zusammen mit dem Jugendreferat eine <strong>M\u00fcllsammelaktion<\/strong> <strong>in Oftersheim.<\/strong><\/p>\n\n\n\n<p><strong>Wir treffen uns am 27.04. um 11.00 Uhr<\/strong> direkt vor dem Rathaus Oftersheim. Wir werden gemeinsam vor dem Rathaus, im Gemeindepark und auf dem Festplatz M\u00fcll sammeln und uns anschlie\u00dfend bei Getr\u00e4nken und Snacks st\u00e4rken. Ende ist um 14.00 Uhr.<\/p>\n\n\n\n<p>Die <strong>Teilnahme ist kostenlos<\/strong>. Die Teilnahme ist <strong>ab 8 Jahren m\u00f6glich<\/strong>. Damit wir besser planen k\u00f6nnen, bitten wir um vorherige Anmeldung.<\/p>\n\n\n\n<p><strong>Weitere Informationen und die Anmeldung<\/strong> erhaltet ihr bei Britta Josupeit vom Integrationsb\u00fcro unter 06202 597 112 und <a href=\"mailto:integration@oftersheim.de\">integration@oftersheim.de<\/a> oder bei Sebastian L\u00e4ngerer vom Jugendreferat unter 06202 597 113.<\/p>\n\n\n\n<figure class=\"wp-block-image size-full is-style-default\"><img loading=\"lazy\" decoding=\"async\" width=\"938\" height=\"938\" src=\"http:\/\/asylkreis-oftersheim.de\/wp-content\/uploads\/2024\/04\/K-Bam-Flyer_Asylkreis.jpg\" alt=\"\" class=\"wp-image-1523\" srcset=\"http:\/\/asylkreis-oftersheim.de\/wp-content\/uploads\/2024\/04\/K-Bam-Flyer_Asylkreis.jpg 938w, http:\/\/asylkreis-oftersheim.de\/wp-content\/uploads\/2024\/04\/K-Bam-Flyer_Asylkreis-300x300.jpg 300w, http:\/\/asylkreis-oftersheim.de\/wp-content\/uploads\/2024\/04\/K-Bam-Flyer_Asylkreis-150x150.jpg 150w, http:\/\/asylkreis-oftersheim.de\/wp-content\/uploads\/2024\/04\/K-Bam-Flyer_Asylkreis-768x768.jpg 768w\" sizes=\"auto, (max-width: 938px) 100vw, 938px\" \/><\/figure>\n","protected":false},"excerpt":{"rendered":"<p>Der Asylkreis Oftersheim und das Integrationsb\u00fcro der Gemeinde Oftersheim zusammen mit dem Jugendreferat: K-BAM! \u2013 Kein Bock auf M\u00fcll Wir wollen etwas aufr\u00e4umen und unsere sch\u00f6ne Gemeinde vom M\u00fcll befreien. Am Samstag, den 27. April 2024, organisiert der Asylkreis und das Team des Integrationsb\u00fcros zusammen mit dem Jugendreferat eine M\u00fcllsammelaktion in Oftersheim. Wir treffen uns [&hellip;]<\/p>\n","protected":false},"author":4,"featured_media":0,"comment_status":"closed","ping_status":"closed","sticky":false,"template":"","format":"standard","meta":{"footnotes":""},"categories":[4],"tags":[],"class_list":["post-1522","post","type-post","status-publish","format-standard","hentry","category-news"],"_links":{"self":[{"href":"http:\/\/asylkreis-oftersheim.de\/index.php?rest_route=\/wp\/v2\/posts\/1522","targetHints":{"allow":["GET"]}}],"collection":[{"href":"http:\/\/asylkreis-oftersheim.de\/index.php?rest_route=\/wp\/v2\/posts"}],"about":[{"href":"http:\/\/asylkreis-oftersheim.de\/index.php?rest_route=\/wp\/v2\/types\/post"}],"author":[{"embeddable":true,"href":"http:\/\/asylkreis-oftersheim.de\/index.php?rest_route=\/wp\/v2\/users\/4"}],"replies":[{"embeddable":true,"href":"http:\/\/asylkreis-oftersheim.de\/index.php?rest_route=%2Fwp%2Fv2%2Fcomments&post=1522"}],"version-history":[{"count":1,"href":"http:\/\/asylkreis-oftersheim.de\/index.php?rest_route=\/wp\/v2\/posts\/1522\/revisions"}],"predecessor-version":[{"id":1524,"href":"http:\/\/asylkreis-oftersheim.de\/index.php?rest_route=\/wp\/v2\/posts\/1522\/revisions\/1524"}],"wp:attachment":[{"href":"http:\/\/asylkreis-oftersheim.de\/index.php?rest_route=%2Fwp%2Fv2%2Fmedia&parent=1522"}],"wp:term":[{"taxonomy":"category","embeddable":true,"href":"http:\/\/asylkreis-oftersheim.de\/index.php?rest_route=%2Fwp%2Fv2%2Fcategories&post=1522"},{"taxonomy":"post_tag","embeddable":true,"href":"http:\/\/asylkreis-oftersheim.de\/index.php?rest_route=%2Fwp%2Fv2%2Ftags&post=1522"}],"curies":[{"name":"wp","href":"https:\/\/api.w.org\/{rel}","templated":true}]}}