{"id":1390,"date":"2023-08-17T11:51:54","date_gmt":"2023-08-17T10:51:54","guid":{"rendered":"http:\/\/asylkreis-oftersheim.de\/?p=1390"},"modified":"2023-08-17T11:51:54","modified_gmt":"2023-08-17T10:51:54","slug":"kozelets-zu-besuch-in-oftersheim","status":"publish","type":"post","link":"http:\/\/asylkreis-oftersheim.de\/?p=1390","title":{"rendered":"Kozelets zu Besuch in Oftersheim"},"content":{"rendered":"\n<figure class=\"wp-block-image size-large is-style-default\"><img loading=\"lazy\" decoding=\"async\" width=\"1024\" height=\"768\" src=\"http:\/\/asylkreis-oftersheim.de\/wp-content\/uploads\/2023\/08\/IMG_1292-1024x768.jpg\" alt=\"\" class=\"wp-image-1396\" srcset=\"http:\/\/asylkreis-oftersheim.de\/wp-content\/uploads\/2023\/08\/IMG_1292-1024x768.jpg 1024w, http:\/\/asylkreis-oftersheim.de\/wp-content\/uploads\/2023\/08\/IMG_1292-300x225.jpg 300w, http:\/\/asylkreis-oftersheim.de\/wp-content\/uploads\/2023\/08\/IMG_1292-768x576.jpg 768w, http:\/\/asylkreis-oftersheim.de\/wp-content\/uploads\/2023\/08\/IMG_1292-1536x1152.jpg 1536w, http:\/\/asylkreis-oftersheim.de\/wp-content\/uploads\/2023\/08\/IMG_1292.jpg 2000w\" sizes=\"auto, (max-width: 1024px) 100vw, 1024px\" \/><figcaption>Die Gruppe aus Kozelets mit Mitgliedern des Asylkreises im Internationalen Garten<\/figcaption><\/figure>\n\n\n\n<p>18 Kinder und Jugendliche aus Kozelets sind Anfang August\u00a0in Plankstadt angekommen. Zwei Wochen sind sie in der Region zu Gast. M\u00f6glich macht\u00a0das eine Solidarit\u00e4tspartnerschaft, die die Kommunen Plankstadt, Schwetzingen und Oftersheim unterschrieben haben.<\/p>\n\n\n\n<p>Nachdem Plankstadt und Schwetzingen zu Beginn die Tage der Gruppe gestalteten, ist in dieser Woche Oftersheim mit dem Besuchsprogramm an der Reihe. Der Auftakt bot eine Mischung aus Sehensw\u00fcrdigkeiten, Sport und Entspannung: Nach der Begr\u00fc\u00dfung im Oftersheimer Rathaus durch B\u00fcrgermeister Pascal Seidel starteten die Mitgliedern des Asylkreises zusammen mit dem Team des Integrationsb\u00fcros der Gemeinde Oftersheim mit den Kindern und Jugendlichen zu einem Rundgang durch den Ort. Dazu geh\u00f6rten u.a. gef\u00fchrte Besuche der evangelischen und der katholischen Kirche und des Gemeindemuseums. Dabei konnten die Besucher*innen viel \u00fcber die \u00f6rtlichen Bauwerke und die Geschichte Oftersheims lernen. Danach wurde im Internationalen Garten gegessen, entspannt und eine Rally durch den Wald unternommen. Zum Abschluss durften die Kinder und Jugendlichen dem Training der SG Oftersheim beiwohnen und ausgiebig Fu\u00dfball spielen. <\/p>\n\n\n\n<div class=\"wp-block-columns is-layout-flex wp-container-core-columns-is-layout-9d6595d7 wp-block-columns-is-layout-flex\">\n<div class=\"wp-block-column is-layout-flow wp-block-column-is-layout-flow\" style=\"flex-basis:100%\">\n<div class=\"wp-block-group\"><div class=\"wp-block-group__inner-container is-layout-flow wp-block-group-is-layout-flow\">\n<div class=\"wp-block-columns is-layout-flex wp-container-core-columns-is-layout-9d6595d7 wp-block-columns-is-layout-flex\">\n<div class=\"wp-block-column is-layout-flow wp-block-column-is-layout-flow\" style=\"flex-basis:100%\">\n<figure class=\"wp-block-gallery columns-3 is-cropped wp-block-gallery-1 is-layout-flex wp-block-gallery-is-layout-flex\"><ul class=\"blocks-gallery-grid\"><li class=\"blocks-gallery-item\"><figure><img loading=\"lazy\" decoding=\"async\" width=\"1024\" height=\"768\" src=\"http:\/\/asylkreis-oftersheim.de\/wp-content\/uploads\/2023\/08\/P1080463-1024x768.jpg\" alt=\"\" data-id=\"1392\" data-full-url=\"http:\/\/asylkreis-oftersheim.de\/wp-content\/uploads\/2023\/08\/P1080463.jpg\" data-link=\"http:\/\/asylkreis-oftersheim.de\/?attachment_id=1392\" class=\"wp-image-1392\" srcset=\"http:\/\/asylkreis-oftersheim.de\/wp-content\/uploads\/2023\/08\/P1080463-1024x768.jpg 1024w, http:\/\/asylkreis-oftersheim.de\/wp-content\/uploads\/2023\/08\/P1080463-300x225.jpg 300w, http:\/\/asylkreis-oftersheim.de\/wp-content\/uploads\/2023\/08\/P1080463-768x576.jpg 768w, http:\/\/asylkreis-oftersheim.de\/wp-content\/uploads\/2023\/08\/P1080463-1536x1152.jpg 1536w, http:\/\/asylkreis-oftersheim.de\/wp-content\/uploads\/2023\/08\/P1080463.jpg 2000w\" sizes=\"auto, (max-width: 1024px) 100vw, 1024px\" \/><figcaption class=\"blocks-gallery-item__caption\">Die Tour beginnt mit dem Besuch der evangelischen Kirche.<\/figcaption><\/figure><\/li><li class=\"blocks-gallery-item\"><figure><img loading=\"lazy\" decoding=\"async\" width=\"1024\" height=\"768\" src=\"http:\/\/asylkreis-oftersheim.de\/wp-content\/uploads\/2023\/08\/P1080489-1024x768.jpg\" alt=\"\" data-id=\"1394\" data-full-url=\"http:\/\/asylkreis-oftersheim.de\/wp-content\/uploads\/2023\/08\/P1080489.jpg\" data-link=\"http:\/\/asylkreis-oftersheim.de\/?attachment_id=1394\" class=\"wp-image-1394\" srcset=\"http:\/\/asylkreis-oftersheim.de\/wp-content\/uploads\/2023\/08\/P1080489-1024x768.jpg 1024w, http:\/\/asylkreis-oftersheim.de\/wp-content\/uploads\/2023\/08\/P1080489-300x225.jpg 300w, http:\/\/asylkreis-oftersheim.de\/wp-content\/uploads\/2023\/08\/P1080489-768x576.jpg 768w, http:\/\/asylkreis-oftersheim.de\/wp-content\/uploads\/2023\/08\/P1080489-1536x1152.jpg 1536w, http:\/\/asylkreis-oftersheim.de\/wp-content\/uploads\/2023\/08\/P1080489.jpg 2000w\" sizes=\"auto, (max-width: 1024px) 100vw, 1024px\" \/><figcaption class=\"blocks-gallery-item__caption\">Pfarrer Habicht im Gespr\u00e4ch mit der Gruppe.<\/figcaption><\/figure><\/li><li class=\"blocks-gallery-item\"><figure><img loading=\"lazy\" decoding=\"async\" width=\"1024\" height=\"768\" src=\"http:\/\/asylkreis-oftersheim.de\/wp-content\/uploads\/2023\/08\/P1080500-1024x768.jpg\" alt=\"\" data-id=\"1393\" data-full-url=\"http:\/\/asylkreis-oftersheim.de\/wp-content\/uploads\/2023\/08\/P1080500.jpg\" data-link=\"http:\/\/asylkreis-oftersheim.de\/?attachment_id=1393\" class=\"wp-image-1393\" srcset=\"http:\/\/asylkreis-oftersheim.de\/wp-content\/uploads\/2023\/08\/P1080500-1024x768.jpg 1024w, http:\/\/asylkreis-oftersheim.de\/wp-content\/uploads\/2023\/08\/P1080500-300x225.jpg 300w, http:\/\/asylkreis-oftersheim.de\/wp-content\/uploads\/2023\/08\/P1080500-768x576.jpg 768w, http:\/\/asylkreis-oftersheim.de\/wp-content\/uploads\/2023\/08\/P1080500-1536x1152.jpg 1536w, http:\/\/asylkreis-oftersheim.de\/wp-content\/uploads\/2023\/08\/P1080500.jpg 2000w\" sizes=\"auto, (max-width: 1024px) 100vw, 1024px\" \/><figcaption class=\"blocks-gallery-item__caption\">Herr Sturm zeigte die Kirche samt Au\u00dfengel\u00e4nde.<\/figcaption><\/figure><\/li><li class=\"blocks-gallery-item\"><figure><img loading=\"lazy\" decoding=\"async\" width=\"1024\" height=\"768\" src=\"http:\/\/asylkreis-oftersheim.de\/wp-content\/uploads\/2023\/08\/P1080543-1024x768.jpg\" alt=\"\" data-id=\"1395\" data-full-url=\"http:\/\/asylkreis-oftersheim.de\/wp-content\/uploads\/2023\/08\/P1080543.jpg\" data-link=\"http:\/\/asylkreis-oftersheim.de\/?attachment_id=1395\" class=\"wp-image-1395\" srcset=\"http:\/\/asylkreis-oftersheim.de\/wp-content\/uploads\/2023\/08\/P1080543-1024x768.jpg 1024w, http:\/\/asylkreis-oftersheim.de\/wp-content\/uploads\/2023\/08\/P1080543-300x225.jpg 300w, http:\/\/asylkreis-oftersheim.de\/wp-content\/uploads\/2023\/08\/P1080543-768x576.jpg 768w, http:\/\/asylkreis-oftersheim.de\/wp-content\/uploads\/2023\/08\/P1080543-1536x1152.jpg 1536w, http:\/\/asylkreis-oftersheim.de\/wp-content\/uploads\/2023\/08\/P1080543.jpg 2000w\" sizes=\"auto, (max-width: 1024px) 100vw, 1024px\" \/><figcaption class=\"blocks-gallery-item__caption\">Im Gemeindemuseum wurde ausgiebig erkundet. Zum Abschluss gab es Geschenkt\u00fcten vom Heimat-und Kulturkreis Oftersheim e.V..<\/figcaption><\/figure><\/li><\/ul><\/figure>\n<\/div>\n<\/div>\n<\/div><\/div>\n<\/div>\n<\/div>\n\n\n\n<p>Bis zum Sonntag haben die Beteiligten ein abwechslungsreiches Programm auf die Beine gestellt \u2013 vom t\u00fcrkischen Kochnachmittag \u00fcber einen Besuch der BUGA bis hin zu einem Besuch des Bundesligaspiels der TSG Hoffenheim gegen den SC Freiburg am Samstag. Am Sonntag hei\u00dft es f\u00fcr die 18 Kinder und Jugendlichen: Heimfahrt in die Ukraine.<\/p>\n","protected":false},"excerpt":{"rendered":"<p>18 Kinder und Jugendliche aus Kozelets sind Anfang August\u00a0in Plankstadt angekommen. Zwei Wochen sind sie in der Region zu Gast. M\u00f6glich macht\u00a0das eine Solidarit\u00e4tspartnerschaft, die die Kommunen Plankstadt, Schwetzingen und Oftersheim unterschrieben haben. Nachdem Plankstadt und Schwetzingen zu Beginn die Tage der Gruppe gestalteten, ist in dieser Woche Oftersheim mit dem Besuchsprogramm an der Reihe. [&hellip;]<\/p>\n","protected":false},"author":4,"featured_media":0,"comment_status":"closed","ping_status":"closed","sticky":false,"template":"","format":"standard","meta":{"footnotes":""},"categories":[4],"tags":[],"class_list":["post-1390","post","type-post","status-publish","format-standard","hentry","category-news"],"_links":{"self":[{"href":"http:\/\/asylkreis-oftersheim.de\/index.php?rest_route=\/wp\/v2\/posts\/1390","targetHints":{"allow":["GET"]}}],"collection":[{"href":"http:\/\/asylkreis-oftersheim.de\/index.php?rest_route=\/wp\/v2\/posts"}],"about":[{"href":"http:\/\/asylkreis-oftersheim.de\/index.php?rest_route=\/wp\/v2\/types\/post"}],"author":[{"embeddable":true,"href":"http:\/\/asylkreis-oftersheim.de\/index.php?rest_route=\/wp\/v2\/users\/4"}],"replies":[{"embeddable":true,"href":"http:\/\/asylkreis-oftersheim.de\/index.php?rest_route=%2Fwp%2Fv2%2Fcomments&post=1390"}],"version-history":[{"count":7,"href":"http:\/\/asylkreis-oftersheim.de\/index.php?rest_route=\/wp\/v2\/posts\/1390\/revisions"}],"predecessor-version":[{"id":1402,"href":"http:\/\/asylkreis-oftersheim.de\/index.php?rest_route=\/wp\/v2\/posts\/1390\/revisions\/1402"}],"wp:attachment":[{"href":"http:\/\/asylkreis-oftersheim.de\/index.php?rest_route=%2Fwp%2Fv2%2Fmedia&parent=1390"}],"wp:term":[{"taxonomy":"category","embeddable":true,"href":"http:\/\/asylkreis-oftersheim.de\/index.php?rest_route=%2Fwp%2Fv2%2Fcategories&post=1390"},{"taxonomy":"post_tag","embeddable":true,"href":"http:\/\/asylkreis-oftersheim.de\/index.php?rest_route=%2Fwp%2Fv2%2Ftags&post=1390"}],"curies":[{"name":"wp","href":"https:\/\/api.w.org\/{rel}","templated":true}]}}