{"id":137,"date":"2016-04-18T20:34:14","date_gmt":"2016-04-18T19:34:14","guid":{"rendered":"http:\/\/asylkreis-oftersheim.de\/?p=137"},"modified":"2016-04-18T20:35:03","modified_gmt":"2016-04-18T19:35:03","slug":"zweites-begegnungscafe","status":"publish","type":"post","link":"http:\/\/asylkreis-oftersheim.de\/?p=137","title":{"rendered":"Zweites Begegnungscaf\u00e9"},"content":{"rendered":"<p>Beim zweiten Begegnungscaf\u00e9 &#8222;Welcome&#8220; war das Josefshaus wieder mehr als gut besucht. Neben leckerem Essen und Trinken und gemeinsamer Musik haben sich wieder viele Gespr\u00e4che zwischen den Fl\u00fcchtlingen und Oftersheimer B\u00fcrgerinnen und B\u00fcrger ergeben. Auch B\u00fcrgermeister Jens Gei\u00df besuchte das Treffen. Vertreter des JUZ haben eine Spende an den Asylkreis \u00fcbergeben, au\u00dferdem wurde eine Familie im &#8222;Gasthaus zum goldenen Hirsch&#8220; mit Blumen begl\u00fcckw\u00fcnscht, der kleine Josef ist das erste Baby, das in der Unterkunft geboren wurde. Das n\u00e4chste Begegnungscaf\u00e9 steht schon fest: <strong>Donnerstag, 12. Mai, um 18.30 Uhr im Josefshaus<\/strong><\/p>\n<p><img loading=\"lazy\" decoding=\"async\" class=\"alignnone size-medium wp-image-138\" src=\"http:\/\/asylkreis-oftersheim.de\/wp-content\/uploads\/2016\/04\/DSC03929-300x225.jpg\" alt=\"DSC03929\" width=\"300\" height=\"225\" srcset=\"http:\/\/asylkreis-oftersheim.de\/wp-content\/uploads\/2016\/04\/DSC03929-300x225.jpg 300w, http:\/\/asylkreis-oftersheim.de\/wp-content\/uploads\/2016\/04\/DSC03929-768x576.jpg 768w, http:\/\/asylkreis-oftersheim.de\/wp-content\/uploads\/2016\/04\/DSC03929.jpg 800w\" sizes=\"auto, (max-width: 300px) 100vw, 300px\" \/> <img loading=\"lazy\" decoding=\"async\" class=\"alignnone size-medium wp-image-139\" src=\"http:\/\/asylkreis-oftersheim.de\/wp-content\/uploads\/2016\/04\/DSC03933-300x225.jpg\" alt=\"DSC03933\" width=\"300\" height=\"225\" srcset=\"http:\/\/asylkreis-oftersheim.de\/wp-content\/uploads\/2016\/04\/DSC03933-300x225.jpg 300w, http:\/\/asylkreis-oftersheim.de\/wp-content\/uploads\/2016\/04\/DSC03933-768x576.jpg 768w, http:\/\/asylkreis-oftersheim.de\/wp-content\/uploads\/2016\/04\/DSC03933.jpg 800w\" sizes=\"auto, (max-width: 300px) 100vw, 300px\" \/> <img loading=\"lazy\" decoding=\"async\" class=\"alignnone size-medium wp-image-140\" src=\"http:\/\/asylkreis-oftersheim.de\/wp-content\/uploads\/2016\/04\/DSC03937-300x225.jpg\" alt=\"DSC03937\" width=\"300\" height=\"225\" srcset=\"http:\/\/asylkreis-oftersheim.de\/wp-content\/uploads\/2016\/04\/DSC03937-300x225.jpg 300w, http:\/\/asylkreis-oftersheim.de\/wp-content\/uploads\/2016\/04\/DSC03937-768x576.jpg 768w, http:\/\/asylkreis-oftersheim.de\/wp-content\/uploads\/2016\/04\/DSC03937.jpg 800w\" sizes=\"auto, (max-width: 300px) 100vw, 300px\" \/> <img loading=\"lazy\" decoding=\"async\" class=\"alignnone size-medium wp-image-141\" src=\"http:\/\/asylkreis-oftersheim.de\/wp-content\/uploads\/2016\/04\/DSC03945-300x225.jpg\" alt=\"DSC03945\" width=\"300\" height=\"225\" srcset=\"http:\/\/asylkreis-oftersheim.de\/wp-content\/uploads\/2016\/04\/DSC03945-300x225.jpg 300w, http:\/\/asylkreis-oftersheim.de\/wp-content\/uploads\/2016\/04\/DSC03945-768x576.jpg 768w, http:\/\/asylkreis-oftersheim.de\/wp-content\/uploads\/2016\/04\/DSC03945.jpg 800w\" sizes=\"auto, (max-width: 300px) 100vw, 300px\" \/> <img loading=\"lazy\" decoding=\"async\" class=\"alignnone size-medium wp-image-142\" src=\"http:\/\/asylkreis-oftersheim.de\/wp-content\/uploads\/2016\/04\/DSC03950-300x225.jpg\" alt=\"DSC03950\" width=\"300\" height=\"225\" srcset=\"http:\/\/asylkreis-oftersheim.de\/wp-content\/uploads\/2016\/04\/DSC03950-300x225.jpg 300w, http:\/\/asylkreis-oftersheim.de\/wp-content\/uploads\/2016\/04\/DSC03950-768x576.jpg 768w, http:\/\/asylkreis-oftersheim.de\/wp-content\/uploads\/2016\/04\/DSC03950.jpg 800w\" sizes=\"auto, (max-width: 300px) 100vw, 300px\" \/> <img loading=\"lazy\" decoding=\"async\" class=\"alignnone size-medium wp-image-143\" src=\"http:\/\/asylkreis-oftersheim.de\/wp-content\/uploads\/2016\/04\/DSC03952-300x225.jpg\" alt=\"DSC03952\" width=\"300\" height=\"225\" srcset=\"http:\/\/asylkreis-oftersheim.de\/wp-content\/uploads\/2016\/04\/DSC03952-300x225.jpg 300w, http:\/\/asylkreis-oftersheim.de\/wp-content\/uploads\/2016\/04\/DSC03952-768x576.jpg 768w, http:\/\/asylkreis-oftersheim.de\/wp-content\/uploads\/2016\/04\/DSC03952.jpg 800w\" sizes=\"auto, (max-width: 300px) 100vw, 300px\" \/> <img loading=\"lazy\" decoding=\"async\" class=\"alignnone size-medium wp-image-144\" src=\"http:\/\/asylkreis-oftersheim.de\/wp-content\/uploads\/2016\/04\/DSC03956-300x225.jpg\" alt=\"DSC03956\" width=\"300\" height=\"225\" srcset=\"http:\/\/asylkreis-oftersheim.de\/wp-content\/uploads\/2016\/04\/DSC03956-300x225.jpg 300w, http:\/\/asylkreis-oftersheim.de\/wp-content\/uploads\/2016\/04\/DSC03956-768x576.jpg 768w, http:\/\/asylkreis-oftersheim.de\/wp-content\/uploads\/2016\/04\/DSC03956.jpg 800w\" sizes=\"auto, (max-width: 300px) 100vw, 300px\" \/> <img loading=\"lazy\" decoding=\"async\" class=\"alignnone size-medium wp-image-145\" src=\"http:\/\/asylkreis-oftersheim.de\/wp-content\/uploads\/2016\/04\/DSC03959-300x225.jpg\" alt=\"DSC03959\" width=\"300\" height=\"225\" srcset=\"http:\/\/asylkreis-oftersheim.de\/wp-content\/uploads\/2016\/04\/DSC03959-300x225.jpg 300w, http:\/\/asylkreis-oftersheim.de\/wp-content\/uploads\/2016\/04\/DSC03959-768x576.jpg 768w, http:\/\/asylkreis-oftersheim.de\/wp-content\/uploads\/2016\/04\/DSC03959.jpg 800w\" sizes=\"auto, (max-width: 300px) 100vw, 300px\" \/> <img loading=\"lazy\" decoding=\"async\" class=\"alignnone size-medium wp-image-146\" src=\"http:\/\/asylkreis-oftersheim.de\/wp-content\/uploads\/2016\/04\/DSC03961-300x225.jpg\" alt=\"DSC03961\" width=\"300\" height=\"225\" srcset=\"http:\/\/asylkreis-oftersheim.de\/wp-content\/uploads\/2016\/04\/DSC03961-300x225.jpg 300w, http:\/\/asylkreis-oftersheim.de\/wp-content\/uploads\/2016\/04\/DSC03961-768x576.jpg 768w, http:\/\/asylkreis-oftersheim.de\/wp-content\/uploads\/2016\/04\/DSC03961.jpg 800w\" sizes=\"auto, (max-width: 300px) 100vw, 300px\" \/> <img loading=\"lazy\" decoding=\"async\" class=\"alignnone size-medium wp-image-147\" src=\"http:\/\/asylkreis-oftersheim.de\/wp-content\/uploads\/2016\/04\/DSC03963-300x225.jpg\" alt=\"DSC03963\" width=\"300\" height=\"225\" srcset=\"http:\/\/asylkreis-oftersheim.de\/wp-content\/uploads\/2016\/04\/DSC03963-300x225.jpg 300w, http:\/\/asylkreis-oftersheim.de\/wp-content\/uploads\/2016\/04\/DSC03963-768x576.jpg 768w, http:\/\/asylkreis-oftersheim.de\/wp-content\/uploads\/2016\/04\/DSC03963.jpg 800w\" sizes=\"auto, (max-width: 300px) 100vw, 300px\" \/><\/p>\n","protected":false},"excerpt":{"rendered":"<p>Beim zweiten Begegnungscaf\u00e9 &#8222;Welcome&#8220; war das Josefshaus wieder mehr als gut besucht. Neben leckerem Essen und Trinken und gemeinsamer Musik haben sich wieder viele Gespr\u00e4che zwischen den Fl\u00fcchtlingen und Oftersheimer B\u00fcrgerinnen und B\u00fcrger ergeben. Auch B\u00fcrgermeister Jens Gei\u00df besuchte das Treffen. Vertreter des JUZ haben eine Spende an den Asylkreis \u00fcbergeben, au\u00dferdem wurde eine Familie [&hellip;]<\/p>\n","protected":false},"author":1,"featured_media":0,"comment_status":"closed","ping_status":"closed","sticky":false,"template":"","format":"standard","meta":{"footnotes":""},"categories":[4],"tags":[],"class_list":["post-137","post","type-post","status-publish","format-standard","hentry","category-news"],"_links":{"self":[{"href":"http:\/\/asylkreis-oftersheim.de\/index.php?rest_route=\/wp\/v2\/posts\/137","targetHints":{"allow":["GET"]}}],"collection":[{"href":"http:\/\/asylkreis-oftersheim.de\/index.php?rest_route=\/wp\/v2\/posts"}],"about":[{"href":"http:\/\/asylkreis-oftersheim.de\/index.php?rest_route=\/wp\/v2\/types\/post"}],"author":[{"embeddable":true,"href":"http:\/\/asylkreis-oftersheim.de\/index.php?rest_route=\/wp\/v2\/users\/1"}],"replies":[{"embeddable":true,"href":"http:\/\/asylkreis-oftersheim.de\/index.php?rest_route=%2Fwp%2Fv2%2Fcomments&post=137"}],"version-history":[{"count":1,"href":"http:\/\/asylkreis-oftersheim.de\/index.php?rest_route=\/wp\/v2\/posts\/137\/revisions"}],"predecessor-version":[{"id":148,"href":"http:\/\/asylkreis-oftersheim.de\/index.php?rest_route=\/wp\/v2\/posts\/137\/revisions\/148"}],"wp:attachment":[{"href":"http:\/\/asylkreis-oftersheim.de\/index.php?rest_route=%2Fwp%2Fv2%2Fmedia&parent=137"}],"wp:term":[{"taxonomy":"category","embeddable":true,"href":"http:\/\/asylkreis-oftersheim.de\/index.php?rest_route=%2Fwp%2Fv2%2Fcategories&post=137"},{"taxonomy":"post_tag","embeddable":true,"href":"http:\/\/asylkreis-oftersheim.de\/index.php?rest_route=%2Fwp%2Fv2%2Ftags&post=137"}],"curies":[{"name":"wp","href":"https:\/\/api.w.org\/{rel}","templated":true}]}}