{"id":1320,"date":"2023-03-24T10:02:10","date_gmt":"2023-03-24T09:02:10","guid":{"rendered":"http:\/\/asylkreis-oftersheim.de\/?p=1320"},"modified":"2023-03-24T10:02:10","modified_gmt":"2023-03-24T09:02:10","slug":"kuchenverkauf-fuer-den-guten-zweck","status":"publish","type":"post","link":"http:\/\/asylkreis-oftersheim.de\/?p=1320","title":{"rendered":"Kuchenverkauf f\u00fcr den guten Zweck"},"content":{"rendered":"\n<p>Im t\u00fcrkisch-syrischen Grenzgebiet ereignete sich Anfang Februar ein schweres Erdbeben mit etlichen Nachbeben. Die Katastrophe forderte mehr als 50.000 Todesopfer; zehntausende Menschen wurden verletzt. Nach wie vor mangelt es derzeit vor Ort an lebenswichtigen G\u00fctern.<\/p>\n\n\n\n<p>Um zumindest einen kleinen Beitrag zur Unterst\u00fctzung der betroffenen Menschen in der T\u00fcrkei und Syrien zu leisten, organisiert das Integrationsb\u00fcro der Gemeinde Oftersheim gemeinsam mit dem Asylkreis am <strong>Freitag, 31.03.2023, einen Kuchenverkauf. <\/strong><\/p>\n\n\n\n<p><strong>Von 13.00 Uhr bis 16.00 Uhr k\u00f6nnen im Rahmen des Wochenmarkts auf dem Parkplatz an der Roland-Seidel-Halle<\/strong> <strong>gespendete Backwaren gekauft werden.<\/strong> Zus\u00e4tzlich wird eine <strong>Spendenkasse am Stand<\/strong> aufgestellt. <\/p>\n\n\n\n<p>Die erzielten Einnahmen kommen vollumf\u00e4nglich dem <strong>Aktionsb\u00fcndnis Katastrophenhilfe <\/strong>(Caritas International, Deutsches Rotes Kreuz, Diakonie Katastrophenhilfe und UNICEF) zugute.<\/p>\n\n\n\n<p>Wer einen Kuchen spenden m\u00f6chte, kann sich unter integration@oftersheim.de melden oder per Telefon bei Galina Gavras (Tel. 06202 597 128) oder Britta Josupeit (Tel. 06202 597 112). <\/p>\n\n\n\n<p>Wir freuen uns auf Euren Besuch!<\/p>\n\n\n\n<figure class=\"wp-block-gallery columns-2 is-cropped wp-block-gallery-1 is-layout-flex wp-block-gallery-is-layout-flex\"><ul class=\"blocks-gallery-grid\"><li class=\"blocks-gallery-item\"><figure><img loading=\"lazy\" decoding=\"async\" width=\"1024\" height=\"719\" src=\"http:\/\/asylkreis-oftersheim.de\/wp-content\/uploads\/2023\/03\/Kuchenverkauf-e1679648072464-1024x719.jpg\" alt=\"\" data-id=\"1321\" data-full-url=\"http:\/\/asylkreis-oftersheim.de\/wp-content\/uploads\/2023\/03\/Kuchenverkauf-e1679648072464.jpg\" data-link=\"http:\/\/asylkreis-oftersheim.de\/?attachment_id=1321#main\" class=\"wp-image-1321\" srcset=\"http:\/\/asylkreis-oftersheim.de\/wp-content\/uploads\/2023\/03\/Kuchenverkauf-e1679648072464-1024x719.jpg 1024w, http:\/\/asylkreis-oftersheim.de\/wp-content\/uploads\/2023\/03\/Kuchenverkauf-e1679648072464-300x211.jpg 300w, http:\/\/asylkreis-oftersheim.de\/wp-content\/uploads\/2023\/03\/Kuchenverkauf-e1679648072464-768x539.jpg 768w, http:\/\/asylkreis-oftersheim.de\/wp-content\/uploads\/2023\/03\/Kuchenverkauf-e1679648072464-1536x1078.jpg 1536w, http:\/\/asylkreis-oftersheim.de\/wp-content\/uploads\/2023\/03\/Kuchenverkauf-e1679648072464.jpg 1610w\" sizes=\"auto, (max-width: 1024px) 100vw, 1024px\" \/><figcaption class=\"blocks-gallery-item__caption\">Asylkreismitglieder verkauften im M\u00e4rz 2022 insgesamt 20 Kuchen- und Muffinspenden (Fotorechte: Gemeinde)<\/figcaption><\/figure><\/li><li class=\"blocks-gallery-item\"><figure><img loading=\"lazy\" decoding=\"async\" width=\"1024\" height=\"684\" src=\"http:\/\/asylkreis-oftersheim.de\/wp-content\/uploads\/2023\/03\/Muffins-1024x684.jpg\" alt=\"\" data-id=\"1322\" data-full-url=\"http:\/\/asylkreis-oftersheim.de\/wp-content\/uploads\/2023\/03\/Muffins.jpg\" data-link=\"http:\/\/asylkreis-oftersheim.de\/?attachment_id=1322#main\" class=\"wp-image-1322\" srcset=\"http:\/\/asylkreis-oftersheim.de\/wp-content\/uploads\/2023\/03\/Muffins-1024x684.jpg 1024w, http:\/\/asylkreis-oftersheim.de\/wp-content\/uploads\/2023\/03\/Muffins-300x200.jpg 300w, http:\/\/asylkreis-oftersheim.de\/wp-content\/uploads\/2023\/03\/Muffins-768x513.jpg 768w, http:\/\/asylkreis-oftersheim.de\/wp-content\/uploads\/2023\/03\/Muffins-1536x1025.jpg 1536w, http:\/\/asylkreis-oftersheim.de\/wp-content\/uploads\/2023\/03\/Muffins.jpg 2000w\" sizes=\"auto, (max-width: 1024px) 100vw, 1024px\" \/><figcaption class=\"blocks-gallery-item__caption\">Die Backwaren begeisterten Gro\u00df und Klein (Fotorechte: Gemeinde)<\/figcaption><\/figure><\/li><\/ul><figcaption class=\"blocks-gallery-caption\">Einblicke vom Kuchenverkauf 2022 vom Asylkreis und dem Integrationsb\u00fcro der Gemeinde Oftersheim. Der Spendenerl\u00f6s ging an die Betroffenen des Ukraine-Kriegs. <\/figcaption><\/figure>\n\n\n\n<p> <\/p>\n\n\n\n<p><\/p>\n","protected":false},"excerpt":{"rendered":"<p>Im t\u00fcrkisch-syrischen Grenzgebiet ereignete sich Anfang Februar ein schweres Erdbeben mit etlichen Nachbeben. Die Katastrophe forderte mehr als 50.000 Todesopfer; zehntausende Menschen wurden verletzt. Nach wie vor mangelt es derzeit vor Ort an lebenswichtigen G\u00fctern. Um zumindest einen kleinen Beitrag zur Unterst\u00fctzung der betroffenen Menschen in der T\u00fcrkei und Syrien zu leisten, organisiert das Integrationsb\u00fcro [&hellip;]<\/p>\n","protected":false},"author":4,"featured_media":0,"comment_status":"closed","ping_status":"closed","sticky":false,"template":"","format":"standard","meta":{"footnotes":""},"categories":[4],"tags":[12],"class_list":["post-1320","post","type-post","status-publish","format-standard","hentry","category-news","tag-spendenaktion-2022"],"_links":{"self":[{"href":"http:\/\/asylkreis-oftersheim.de\/index.php?rest_route=\/wp\/v2\/posts\/1320","targetHints":{"allow":["GET"]}}],"collection":[{"href":"http:\/\/asylkreis-oftersheim.de\/index.php?rest_route=\/wp\/v2\/posts"}],"about":[{"href":"http:\/\/asylkreis-oftersheim.de\/index.php?rest_route=\/wp\/v2\/types\/post"}],"author":[{"embeddable":true,"href":"http:\/\/asylkreis-oftersheim.de\/index.php?rest_route=\/wp\/v2\/users\/4"}],"replies":[{"embeddable":true,"href":"http:\/\/asylkreis-oftersheim.de\/index.php?rest_route=%2Fwp%2Fv2%2Fcomments&post=1320"}],"version-history":[{"count":12,"href":"http:\/\/asylkreis-oftersheim.de\/index.php?rest_route=\/wp\/v2\/posts\/1320\/revisions"}],"predecessor-version":[{"id":1334,"href":"http:\/\/asylkreis-oftersheim.de\/index.php?rest_route=\/wp\/v2\/posts\/1320\/revisions\/1334"}],"wp:attachment":[{"href":"http:\/\/asylkreis-oftersheim.de\/index.php?rest_route=%2Fwp%2Fv2%2Fmedia&parent=1320"}],"wp:term":[{"taxonomy":"category","embeddable":true,"href":"http:\/\/asylkreis-oftersheim.de\/index.php?rest_route=%2Fwp%2Fv2%2Fcategories&post=1320"},{"taxonomy":"post_tag","embeddable":true,"href":"http:\/\/asylkreis-oftersheim.de\/index.php?rest_route=%2Fwp%2Fv2%2Ftags&post=1320"}],"curies":[{"name":"wp","href":"https:\/\/api.w.org\/{rel}","templated":true}]}}