{"id":1310,"date":"2023-02-27T12:39:53","date_gmt":"2023-02-27T11:39:53","guid":{"rendered":"http:\/\/asylkreis-oftersheim.de\/?p=1310"},"modified":"2023-02-27T12:39:53","modified_gmt":"2023-02-27T11:39:53","slug":"ein-abend-voller-begegnungen","status":"publish","type":"post","link":"http:\/\/asylkreis-oftersheim.de\/?p=1310","title":{"rendered":"Ein Abend voller Begegnungen"},"content":{"rendered":"\n<figure class=\"wp-block-image size-large is-style-default\"><img loading=\"lazy\" decoding=\"async\" width=\"1024\" height=\"768\" src=\"http:\/\/asylkreis-oftersheim.de\/wp-content\/uploads\/2023\/02\/IMG_0968-1024x768.jpg\" alt=\"\" class=\"wp-image-1314\" srcset=\"http:\/\/asylkreis-oftersheim.de\/wp-content\/uploads\/2023\/02\/IMG_0968-1024x768.jpg 1024w, http:\/\/asylkreis-oftersheim.de\/wp-content\/uploads\/2023\/02\/IMG_0968-300x225.jpg 300w, http:\/\/asylkreis-oftersheim.de\/wp-content\/uploads\/2023\/02\/IMG_0968-768x576.jpg 768w, http:\/\/asylkreis-oftersheim.de\/wp-content\/uploads\/2023\/02\/IMG_0968-1536x1152.jpg 1536w, http:\/\/asylkreis-oftersheim.de\/wp-content\/uploads\/2023\/02\/IMG_0968.jpg 2000w\" sizes=\"auto, (max-width: 1024px) 100vw, 1024px\" \/><figcaption>Begr\u00fc\u00dfung von Heidi Joos<\/figcaption><\/figure>\n\n\n\n<p>Am Donnerstag, den 23.02.2023, fand nach langer Pause endlich wieder das Asylkreis Begegnungscaf\u00e9 statt. Ab 18 Uhr waren Gefl\u00fcchtete in Oftersheim, ehrenamtliche Helfer*innen des Asylkreises und alle interessierten B\u00fcrger*innen in Oftersheim zu geselligem Austausch bei allerlei K\u00f6stlichkeiten eingeladen. Und so kamen insgesamt 40 Erwachsene und 15 Kinder, u.a. aus der T\u00fcrkei, dem Irak, Syrien und der Ukraine im evangelischen Gemeindehaus zusammen, um einander kennenzulernen oder alte Bekanntschaften wieder aufleben zu lassen. Es wurde nach Herzenslust geschlemmt, geredet, gelacht und wild getobt.<\/p>\n\n\n\n<p>Ein gro\u00dfes Dankesch\u00f6n geht an dieser Stelle an die tollen Helfer*innen f\u00fcr den Auf- und Abbau und die leckeren Essensspenden. Es war ein sch\u00f6ner Abend und wir freuen uns auf eine baldige Wiederholung.<\/p>\n\n\n\n<p>Das Organisationsteam vom Asylkreis Begegnungscaf\u00e9<\/p>\n\n\n\n<figure class=\"wp-block-gallery columns-3 is-cropped wp-block-gallery-1 is-layout-flex wp-block-gallery-is-layout-flex\"><ul class=\"blocks-gallery-grid\"><li class=\"blocks-gallery-item\"><figure><img loading=\"lazy\" decoding=\"async\" width=\"768\" height=\"1024\" src=\"http:\/\/asylkreis-oftersheim.de\/wp-content\/uploads\/2023\/02\/PXL_20230223_182124375.MP_-768x1024.jpg\" alt=\"\" data-id=\"1311\" data-link=\"http:\/\/asylkreis-oftersheim.de\/?attachment_id=1311#main\" class=\"wp-image-1311\" srcset=\"http:\/\/asylkreis-oftersheim.de\/wp-content\/uploads\/2023\/02\/PXL_20230223_182124375.MP_-768x1024.jpg 768w, http:\/\/asylkreis-oftersheim.de\/wp-content\/uploads\/2023\/02\/PXL_20230223_182124375.MP_-225x300.jpg 225w, http:\/\/asylkreis-oftersheim.de\/wp-content\/uploads\/2023\/02\/PXL_20230223_182124375.MP_-1152x1536.jpg 1152w, http:\/\/asylkreis-oftersheim.de\/wp-content\/uploads\/2023\/02\/PXL_20230223_182124375.MP_-1536x2048.jpg 1536w, http:\/\/asylkreis-oftersheim.de\/wp-content\/uploads\/2023\/02\/PXL_20230223_182124375.MP_-scaled.jpg 1920w\" sizes=\"auto, (max-width: 768px) 100vw, 768px\" \/><figcaption class=\"blocks-gallery-item__caption\">Begr\u00fc\u00dfung mit dem Schwungtuch<\/figcaption><\/figure><\/li><li class=\"blocks-gallery-item\"><figure><img loading=\"lazy\" decoding=\"async\" width=\"1024\" height=\"768\" src=\"http:\/\/asylkreis-oftersheim.de\/wp-content\/uploads\/2023\/02\/IMG_0981-1024x768.jpg\" alt=\"\" data-id=\"1312\" data-link=\"http:\/\/asylkreis-oftersheim.de\/?attachment_id=1312#main\" class=\"wp-image-1312\" srcset=\"http:\/\/asylkreis-oftersheim.de\/wp-content\/uploads\/2023\/02\/IMG_0981-1024x768.jpg 1024w, http:\/\/asylkreis-oftersheim.de\/wp-content\/uploads\/2023\/02\/IMG_0981-300x225.jpg 300w, http:\/\/asylkreis-oftersheim.de\/wp-content\/uploads\/2023\/02\/IMG_0981-768x576.jpg 768w, http:\/\/asylkreis-oftersheim.de\/wp-content\/uploads\/2023\/02\/IMG_0981-1536x1152.jpg 1536w, http:\/\/asylkreis-oftersheim.de\/wp-content\/uploads\/2023\/02\/IMG_0981.jpg 2000w\" sizes=\"auto, (max-width: 1024px) 100vw, 1024px\" \/><figcaption class=\"blocks-gallery-item__caption\">Internationale K\u00f6stlichkeiten<\/figcaption><\/figure><\/li><li class=\"blocks-gallery-item\"><figure><img loading=\"lazy\" decoding=\"async\" width=\"1024\" height=\"768\" src=\"http:\/\/asylkreis-oftersheim.de\/wp-content\/uploads\/2023\/02\/IMG_0986-1024x768.jpg\" alt=\"\" data-id=\"1313\" data-full-url=\"http:\/\/asylkreis-oftersheim.de\/wp-content\/uploads\/2023\/02\/IMG_0986.jpg\" data-link=\"http:\/\/asylkreis-oftersheim.de\/?attachment_id=1313#main\" class=\"wp-image-1313\" srcset=\"http:\/\/asylkreis-oftersheim.de\/wp-content\/uploads\/2023\/02\/IMG_0986-1024x768.jpg 1024w, http:\/\/asylkreis-oftersheim.de\/wp-content\/uploads\/2023\/02\/IMG_0986-300x225.jpg 300w, http:\/\/asylkreis-oftersheim.de\/wp-content\/uploads\/2023\/02\/IMG_0986-768x576.jpg 768w, http:\/\/asylkreis-oftersheim.de\/wp-content\/uploads\/2023\/02\/IMG_0986-1536x1152.jpg 1536w, http:\/\/asylkreis-oftersheim.de\/wp-content\/uploads\/2023\/02\/IMG_0986.jpg 2000w\" sizes=\"auto, (max-width: 1024px) 100vw, 1024px\" \/><figcaption class=\"blocks-gallery-item__caption\">Angeregte Gespr\u00e4che<\/figcaption><\/figure><\/li><\/ul><\/figure>\n","protected":false},"excerpt":{"rendered":"<p>Am Donnerstag, den 23.02.2023, fand nach langer Pause endlich wieder das Asylkreis Begegnungscaf\u00e9 statt. Ab 18 Uhr waren Gefl\u00fcchtete in Oftersheim, ehrenamtliche Helfer*innen des Asylkreises und alle interessierten B\u00fcrger*innen in Oftersheim zu geselligem Austausch bei allerlei K\u00f6stlichkeiten eingeladen. Und so kamen insgesamt 40 Erwachsene und 15 Kinder, u.a. aus der T\u00fcrkei, dem Irak, Syrien und [&hellip;]<\/p>\n","protected":false},"author":4,"featured_media":0,"comment_status":"closed","ping_status":"closed","sticky":false,"template":"","format":"standard","meta":{"footnotes":""},"categories":[4],"tags":[],"class_list":["post-1310","post","type-post","status-publish","format-standard","hentry","category-news"],"_links":{"self":[{"href":"http:\/\/asylkreis-oftersheim.de\/index.php?rest_route=\/wp\/v2\/posts\/1310","targetHints":{"allow":["GET"]}}],"collection":[{"href":"http:\/\/asylkreis-oftersheim.de\/index.php?rest_route=\/wp\/v2\/posts"}],"about":[{"href":"http:\/\/asylkreis-oftersheim.de\/index.php?rest_route=\/wp\/v2\/types\/post"}],"author":[{"embeddable":true,"href":"http:\/\/asylkreis-oftersheim.de\/index.php?rest_route=\/wp\/v2\/users\/4"}],"replies":[{"embeddable":true,"href":"http:\/\/asylkreis-oftersheim.de\/index.php?rest_route=%2Fwp%2Fv2%2Fcomments&post=1310"}],"version-history":[{"count":4,"href":"http:\/\/asylkreis-oftersheim.de\/index.php?rest_route=\/wp\/v2\/posts\/1310\/revisions"}],"predecessor-version":[{"id":1318,"href":"http:\/\/asylkreis-oftersheim.de\/index.php?rest_route=\/wp\/v2\/posts\/1310\/revisions\/1318"}],"wp:attachment":[{"href":"http:\/\/asylkreis-oftersheim.de\/index.php?rest_route=%2Fwp%2Fv2%2Fmedia&parent=1310"}],"wp:term":[{"taxonomy":"category","embeddable":true,"href":"http:\/\/asylkreis-oftersheim.de\/index.php?rest_route=%2Fwp%2Fv2%2Fcategories&post=1310"},{"taxonomy":"post_tag","embeddable":true,"href":"http:\/\/asylkreis-oftersheim.de\/index.php?rest_route=%2Fwp%2Fv2%2Ftags&post=1310"}],"curies":[{"name":"wp","href":"https:\/\/api.w.org\/{rel}","templated":true}]}}