{"id":121,"date":"2016-03-23T11:09:05","date_gmt":"2016-03-23T10:09:05","guid":{"rendered":"http:\/\/asylkreis-oftersheim.de\/?p=121"},"modified":"2016-03-23T11:09:05","modified_gmt":"2016-03-23T10:09:05","slug":"flohmarkt-austausch-bei-tee-und-kaffee","status":"publish","type":"post","link":"http:\/\/asylkreis-oftersheim.de\/?p=121","title":{"rendered":"Flohmarkt &#8211;  Austausch bei Tee und Kaffee"},"content":{"rendered":"<p>Zu einem Flohmarkt haben sich rund 20 Helfer des Asylkreises und etwa 50 Bewohner aus der Fl\u00fcchtlingsunterkunft \u201eZum goldenen Hirsch\u201c im evangelischen Gemeindezentrum getroffen. Dabei wechselten nicht nur Kleidungsst\u00fccke die Besitzer, es gab auch Kaffee, Tee und Geb\u00e4ck f\u00fcr alle, so dass die Besucher die Gelegenheit hatten, ins Gespr\u00e4ch zu kommen. Die Leiterin des Asylkreises, Heidi Joos, hatte die G\u00e4ste in deutscher Sprache begr\u00fc\u00dft, das Ganze wurde ins Arabische \u00fcbersetzt, au\u00dferdem gab es Infozettel noch auf farsi und englisch. J\u00fcrgen Weber von der Verwaltung und Ansprechpartner im Rathaus f\u00fcr den Asylkreis, stellte au\u00dferdem noch den Wochenplan f\u00fcr Deutschkurse und Freizeitangebote vor.<\/p>\n<p>Ein herzliches Dankesch\u00f6n noch f\u00fcr die Kleiderspenden!<\/p>\n<p>Bitte an die Bev\u00f6lkerung:<\/p>\n<p>Derzeit wird keine Kinder- und Damenbekleidung mehr ben\u00f6tigt &#8211;<strong>\u00a0wir bitten darum, im &#8222;Goldenen Hirschen&#8220; keine Kleider abzugeben oder einfach abzustellen.<\/strong><\/p>\n","protected":false},"excerpt":{"rendered":"<p>Zu einem Flohmarkt haben sich rund 20 Helfer des Asylkreises und etwa 50 Bewohner aus der Fl\u00fcchtlingsunterkunft \u201eZum goldenen Hirsch\u201c im evangelischen Gemeindezentrum getroffen. Dabei wechselten nicht nur Kleidungsst\u00fccke die Besitzer, es gab auch Kaffee, Tee und Geb\u00e4ck f\u00fcr alle, so dass die Besucher die Gelegenheit hatten, ins Gespr\u00e4ch zu kommen. Die Leiterin des Asylkreises, [&hellip;]<\/p>\n","protected":false},"author":1,"featured_media":0,"comment_status":"closed","ping_status":"closed","sticky":false,"template":"","format":"standard","meta":{"footnotes":""},"categories":[1],"tags":[],"class_list":["post-121","post","type-post","status-publish","format-standard","hentry","category-uncategorized"],"_links":{"self":[{"href":"http:\/\/asylkreis-oftersheim.de\/index.php?rest_route=\/wp\/v2\/posts\/121","targetHints":{"allow":["GET"]}}],"collection":[{"href":"http:\/\/asylkreis-oftersheim.de\/index.php?rest_route=\/wp\/v2\/posts"}],"about":[{"href":"http:\/\/asylkreis-oftersheim.de\/index.php?rest_route=\/wp\/v2\/types\/post"}],"author":[{"embeddable":true,"href":"http:\/\/asylkreis-oftersheim.de\/index.php?rest_route=\/wp\/v2\/users\/1"}],"replies":[{"embeddable":true,"href":"http:\/\/asylkreis-oftersheim.de\/index.php?rest_route=%2Fwp%2Fv2%2Fcomments&post=121"}],"version-history":[{"count":1,"href":"http:\/\/asylkreis-oftersheim.de\/index.php?rest_route=\/wp\/v2\/posts\/121\/revisions"}],"predecessor-version":[{"id":122,"href":"http:\/\/asylkreis-oftersheim.de\/index.php?rest_route=\/wp\/v2\/posts\/121\/revisions\/122"}],"wp:attachment":[{"href":"http:\/\/asylkreis-oftersheim.de\/index.php?rest_route=%2Fwp%2Fv2%2Fmedia&parent=121"}],"wp:term":[{"taxonomy":"category","embeddable":true,"href":"http:\/\/asylkreis-oftersheim.de\/index.php?rest_route=%2Fwp%2Fv2%2Fcategories&post=121"},{"taxonomy":"post_tag","embeddable":true,"href":"http:\/\/asylkreis-oftersheim.de\/index.php?rest_route=%2Fwp%2Fv2%2Ftags&post=121"}],"curies":[{"name":"wp","href":"https:\/\/api.w.org\/{rel}","templated":true}]}}