{"id":1091,"date":"2021-08-25T08:14:54","date_gmt":"2021-08-25T07:14:54","guid":{"rendered":"http:\/\/asylkreis-oftersheim.de\/?p=1091"},"modified":"2021-08-25T08:14:54","modified_gmt":"2021-08-25T07:14:54","slug":"erste-teestunde-im-internationalen-garten","status":"publish","type":"post","link":"http:\/\/asylkreis-oftersheim.de\/?p=1091","title":{"rendered":"Erste Teestunde im Internationalen Garten"},"content":{"rendered":"\n<p>Nach langer coronabedingter Pause findet unter Einhaltung entsprechender Hygienema\u00dfnahmen am Donnerstag, den 9. September 2021, um 15Uhr die n\u00e4chste Teestunde des Asylkreises statt. Bei der Teestunde k\u00f6nnen sich Gefl\u00fcchtete in gem\u00fctlicher Atmosph\u00e4re mit Ehrenamtlichen unterhalten und zu verschiedenen Fragen austauschen. Anders als bei den vorherigen Teestunden, treffen sich Interessierte an diesem Tag im Internationalen Garten, um dort bei sch\u00f6nem Wetter Tee und selbstgebackene K\u00f6stlichkeiten zu genie\u00dfen. <\/p>\n\n\n\n<div class=\"wp-block-image is-style-default\"><figure class=\"alignright size-full is-resized\"><img loading=\"lazy\" decoding=\"async\" src=\"http:\/\/asylkreis-oftersheim.de\/wp-content\/uploads\/2019\/08\/Teestunde-mit-Logo.jpg\" alt=\"\" class=\"wp-image-833\" width=\"333\" height=\"302\" srcset=\"http:\/\/asylkreis-oftersheim.de\/wp-content\/uploads\/2019\/08\/Teestunde-mit-Logo.jpg 532w, http:\/\/asylkreis-oftersheim.de\/wp-content\/uploads\/2019\/08\/Teestunde-mit-Logo-300x272.jpg 300w\" sizes=\"auto, (max-width: 333px) 100vw, 333px\" \/><\/figure><\/div>\n\n\n\n<p><\/p>\n\n\n\n<p><\/p>\n\n\n\n<p><\/p>\n\n\n\n<p class=\"has-text-align-left\"><strong>Wann:<\/strong> <br><strong>09. September 2021 <br>15 Uhr bis 16.30 Uhr <\/strong><br><br><strong>Wo: <\/strong><br><strong>Internationaler Garten<br>Am Kohlwald 19 <br>Oftersheim<\/strong><\/p>\n","protected":false},"excerpt":{"rendered":"<p>Nach langer coronabedingter Pause findet unter Einhaltung entsprechender Hygienema\u00dfnahmen am Donnerstag, den 9. September 2021, um 15Uhr die n\u00e4chste Teestunde des Asylkreises statt. Bei der Teestunde k\u00f6nnen sich Gefl\u00fcchtete in gem\u00fctlicher Atmosph\u00e4re mit Ehrenamtlichen unterhalten und zu verschiedenen Fragen austauschen. Anders als bei den vorherigen Teestunden, treffen sich Interessierte an diesem Tag im Internationalen Garten, [&hellip;]<\/p>\n","protected":false},"author":4,"featured_media":0,"comment_status":"closed","ping_status":"closed","sticky":false,"template":"","format":"standard","meta":{"footnotes":""},"categories":[4],"tags":[],"class_list":["post-1091","post","type-post","status-publish","format-standard","hentry","category-news"],"_links":{"self":[{"href":"http:\/\/asylkreis-oftersheim.de\/index.php?rest_route=\/wp\/v2\/posts\/1091","targetHints":{"allow":["GET"]}}],"collection":[{"href":"http:\/\/asylkreis-oftersheim.de\/index.php?rest_route=\/wp\/v2\/posts"}],"about":[{"href":"http:\/\/asylkreis-oftersheim.de\/index.php?rest_route=\/wp\/v2\/types\/post"}],"author":[{"embeddable":true,"href":"http:\/\/asylkreis-oftersheim.de\/index.php?rest_route=\/wp\/v2\/users\/4"}],"replies":[{"embeddable":true,"href":"http:\/\/asylkreis-oftersheim.de\/index.php?rest_route=%2Fwp%2Fv2%2Fcomments&post=1091"}],"version-history":[{"count":17,"href":"http:\/\/asylkreis-oftersheim.de\/index.php?rest_route=\/wp\/v2\/posts\/1091\/revisions"}],"predecessor-version":[{"id":1108,"href":"http:\/\/asylkreis-oftersheim.de\/index.php?rest_route=\/wp\/v2\/posts\/1091\/revisions\/1108"}],"wp:attachment":[{"href":"http:\/\/asylkreis-oftersheim.de\/index.php?rest_route=%2Fwp%2Fv2%2Fmedia&parent=1091"}],"wp:term":[{"taxonomy":"category","embeddable":true,"href":"http:\/\/asylkreis-oftersheim.de\/index.php?rest_route=%2Fwp%2Fv2%2Fcategories&post=1091"},{"taxonomy":"post_tag","embeddable":true,"href":"http:\/\/asylkreis-oftersheim.de\/index.php?rest_route=%2Fwp%2Fv2%2Ftags&post=1091"}],"curies":[{"name":"wp","href":"https:\/\/api.w.org\/{rel}","templated":true}]}}