{"id":106,"date":"2016-02-23T10:58:38","date_gmt":"2016-02-23T09:58:38","guid":{"rendered":"http:\/\/asylkreis-oftersheim.de\/?p=106"},"modified":"2016-02-24T12:24:46","modified_gmt":"2016-02-24T11:24:46","slug":"asylcafe-mit-diesem-andrang-und-interesse-hat-wohl-keiner-gerechnet","status":"publish","type":"post","link":"http:\/\/asylkreis-oftersheim.de\/?p=106","title":{"rendered":"Asylcaf\u00e9: Mit diesem Andrang und Interesse hat wohl keiner gerechnet!"},"content":{"rendered":"<p>Schon vor dem offiziellen Beginn um 18.30 Uhr war das Josefshaus so voll, dass auch die letzte Trennwand ge\u00f6ffnet und zus\u00e4tzliche Tische und St\u00fchle aufgestellt werden mussten. Das erste Begegnungscafe \u201eWelcome\u201c war ein voller Erfolg und ein Zeichen daf\u00fcr, dass Oftersheim die Neuank\u00f6mmlinge aus dem Nahen Osten und Afrika herzlich willkommen hei\u00dft. Sowohl langj\u00e4hrige B\u00fcrgerinnen und B\u00fcrger als auch Neubewohnerinnen und Bewohner aus den Unterk\u00fcnften im Gewerbepark Hardtwald und in der Ortsmitte (Gasthaus zum goldenen Hirsch) waren zu &#8211; so schien es &#8211; gleichen Teilen im Josefshaus vertreten. Auch die Nationalit\u00e4ten waren bunt gemischt, und trotz unterschiedlichen Sprachen und Kulturen fanden die Besucher Wege, miteinander in Kontakt zu treten &#8211; notfalls mit H\u00e4nden und F\u00fc\u00dfen.<\/p>\n<p>Auch die Begr\u00fc\u00dfungsworte von Frau Joos wurden im Anschluss auf Englisch, Arabisch und Persisch wiederholt, um zu zeigen, dass das Willkommenscaf\u00e9 offen f\u00fcr alle ist, egal welche Herkunft und welche Nationalit\u00e4t.<\/p>\n<p>Besonders sch\u00f6n anzuh\u00f6ren und auch mit anzusehen war die musikalische Unterhaltung einer Trommlergruppe aus Gambia (unter Leitung von Herrn Lautenbach), zu der sowohl deutsche Kinder aus Oftersheim als auch arabische Kinder aus dem Hirsch gemeinsam tanzten. Es wurde geklatscht, gelacht und vor allem wurde ohne Vorurteile und Voreingenommenheit kommuniziert. Neue Patenschaften und Sprachtandems wurden gefunden und die Grundlage f\u00fcr neue Freundschaften geschaffen.<\/p>\n<p>Wir bedanken uns bei allen, die den Abend zu was Besonderem gemacht haben, in erster Linie bei den Organisatoren und Mitarbeiter\/innen an der Theke und in der K\u00fcche, aber auch bei allen B\u00fcrgerinnen und B\u00fcrgern (neu wie alt), die gekommen waren.<\/p>\n<p>Das n\u00e4chste Begegnungscaf\u00e9 wird kommen (im M\u00e4rz, der genaue Termin wird noch bekannt gegeben), und schon jetzt m\u00f6chten wir Sie\/Euch herzlich dazu einladen!<\/p>\n<p>Lisa Thielsch<\/p>\n<p><img loading=\"lazy\" decoding=\"async\" class=\"alignnone size-medium wp-image-111\" src=\"http:\/\/asylkreis-oftersheim.de\/wp-content\/uploads\/2016\/02\/20160218_192812-300x225.jpg\" alt=\"20160218_192812\" width=\"300\" height=\"225\" srcset=\"http:\/\/asylkreis-oftersheim.de\/wp-content\/uploads\/2016\/02\/20160218_192812-300x225.jpg 300w, http:\/\/asylkreis-oftersheim.de\/wp-content\/uploads\/2016\/02\/20160218_192812-768x576.jpg 768w, http:\/\/asylkreis-oftersheim.de\/wp-content\/uploads\/2016\/02\/20160218_192812-1024x768.jpg 1024w\" sizes=\"auto, (max-width: 300px) 100vw, 300px\" \/> <img loading=\"lazy\" decoding=\"async\" class=\"alignnone size-medium wp-image-109\" src=\"http:\/\/asylkreis-oftersheim.de\/wp-content\/uploads\/2016\/02\/Screenshot_2016-02-22-20-46-53-01-300x224.jpeg\" alt=\"Screenshot_2016-02-22-20-46-53-01\" width=\"300\" height=\"224\" srcset=\"http:\/\/asylkreis-oftersheim.de\/wp-content\/uploads\/2016\/02\/Screenshot_2016-02-22-20-46-53-01-300x224.jpeg 300w, http:\/\/asylkreis-oftersheim.de\/wp-content\/uploads\/2016\/02\/Screenshot_2016-02-22-20-46-53-01.jpeg 719w\" sizes=\"auto, (max-width: 300px) 100vw, 300px\" \/> <img loading=\"lazy\" decoding=\"async\" class=\"alignnone size-medium wp-image-108\" src=\"http:\/\/asylkreis-oftersheim.de\/wp-content\/uploads\/2016\/02\/Screenshot_2016-02-22-21-46-52-01-300x210.jpeg\" alt=\"Screenshot_2016-02-22-21-46-52-01\" width=\"300\" height=\"210\" srcset=\"http:\/\/asylkreis-oftersheim.de\/wp-content\/uploads\/2016\/02\/Screenshot_2016-02-22-21-46-52-01-300x210.jpeg 300w, http:\/\/asylkreis-oftersheim.de\/wp-content\/uploads\/2016\/02\/Screenshot_2016-02-22-21-46-52-01.jpeg 719w\" sizes=\"auto, (max-width: 300px) 100vw, 300px\" \/><\/p>\n","protected":false},"excerpt":{"rendered":"<p>Schon vor dem offiziellen Beginn um 18.30 Uhr war das Josefshaus so voll, dass auch die letzte Trennwand ge\u00f6ffnet und zus\u00e4tzliche Tische und St\u00fchle aufgestellt werden mussten. Das erste Begegnungscafe \u201eWelcome\u201c war ein voller Erfolg und ein Zeichen daf\u00fcr, dass Oftersheim die Neuank\u00f6mmlinge aus dem Nahen Osten und Afrika herzlich willkommen hei\u00dft. Sowohl langj\u00e4hrige B\u00fcrgerinnen [&hellip;]<\/p>\n","protected":false},"author":1,"featured_media":0,"comment_status":"closed","ping_status":"closed","sticky":false,"template":"","format":"standard","meta":{"footnotes":""},"categories":[1],"tags":[],"class_list":["post-106","post","type-post","status-publish","format-standard","hentry","category-uncategorized"],"_links":{"self":[{"href":"http:\/\/asylkreis-oftersheim.de\/index.php?rest_route=\/wp\/v2\/posts\/106","targetHints":{"allow":["GET"]}}],"collection":[{"href":"http:\/\/asylkreis-oftersheim.de\/index.php?rest_route=\/wp\/v2\/posts"}],"about":[{"href":"http:\/\/asylkreis-oftersheim.de\/index.php?rest_route=\/wp\/v2\/types\/post"}],"author":[{"embeddable":true,"href":"http:\/\/asylkreis-oftersheim.de\/index.php?rest_route=\/wp\/v2\/users\/1"}],"replies":[{"embeddable":true,"href":"http:\/\/asylkreis-oftersheim.de\/index.php?rest_route=%2Fwp%2Fv2%2Fcomments&post=106"}],"version-history":[{"count":5,"href":"http:\/\/asylkreis-oftersheim.de\/index.php?rest_route=\/wp\/v2\/posts\/106\/revisions"}],"predecessor-version":[{"id":115,"href":"http:\/\/asylkreis-oftersheim.de\/index.php?rest_route=\/wp\/v2\/posts\/106\/revisions\/115"}],"wp:attachment":[{"href":"http:\/\/asylkreis-oftersheim.de\/index.php?rest_route=%2Fwp%2Fv2%2Fmedia&parent=106"}],"wp:term":[{"taxonomy":"category","embeddable":true,"href":"http:\/\/asylkreis-oftersheim.de\/index.php?rest_route=%2Fwp%2Fv2%2Fcategories&post=106"},{"taxonomy":"post_tag","embeddable":true,"href":"http:\/\/asylkreis-oftersheim.de\/index.php?rest_route=%2Fwp%2Fv2%2Ftags&post=106"}],"curies":[{"name":"wp","href":"https:\/\/api.w.org\/{rel}","templated":true}]}}