{"id":100,"date":"2016-02-24T10:20:08","date_gmt":"2016-02-24T09:20:08","guid":{"rendered":"http:\/\/asylkreis-oftersheim.de\/?p=100"},"modified":"2016-02-24T10:22:31","modified_gmt":"2016-02-24T09:22:31","slug":"die-gambia-boys-aus-oftersheim-beim-fussball-turnier-in-ketsch-dabei","status":"publish","type":"post","link":"http:\/\/asylkreis-oftersheim.de\/?p=100","title":{"rendered":"Die Gambia Boys aus Oftersheim beim Fu\u00dfball-Turnier in Ketsch dabei"},"content":{"rendered":"<p>Die Lebenshilfe organisiert gemeinsam mit Postillion e.V. ein &#8222;Fu\u00dfballturnier f\u00fcr alle&#8220;, ein inklusives Projekt, bei dem Fu\u00dfballer mit und ohne Behinderung mitmachen k\u00f6nnen. Los geht es am<span class=\"apple-converted-space\">\u00a0<\/span><strong>Freitag, 26.02.2016, ab 16 Uhr (bis 21.30 Uhr)<\/strong><span class=\"apple-converted-space\">\u00a0<\/span>in der Neurotthalle in Ketsch. Mit dabei ist auch ein Team aus der Fl\u00fcchtlingsunterkunft im Gewerbepark Oftersheim. Das Team hei\u00dft: &#8222;Gambia Boys&#8220;, eine von 17 Mannschaften. Gespielt wird in zwei Altersklassen von 12 bis 17 Jahren und \u00fcber 18 Jahren. F\u00fcr Bewirtung ist gesorgt. G\u00e4ste sind herzlich willkommen!<br \/>\n(Foto: Paul Werner)<\/p>\n","protected":false},"excerpt":{"rendered":"<p>Die Lebenshilfe organisiert gemeinsam mit Postillion e.V. ein &#8222;Fu\u00dfballturnier f\u00fcr alle&#8220;, ein inklusives Projekt, bei dem Fu\u00dfballer mit und ohne Behinderung mitmachen k\u00f6nnen. Los geht es am\u00a0Freitag, 26.02.2016, ab 16 Uhr (bis 21.30 Uhr)\u00a0in der Neurotthalle in Ketsch. Mit dabei ist auch ein Team aus der Fl\u00fcchtlingsunterkunft im Gewerbepark Oftersheim. Das Team hei\u00dft: &#8222;Gambia Boys&#8220;, [&hellip;]<\/p>\n","protected":false},"author":1,"featured_media":101,"comment_status":"closed","ping_status":"closed","sticky":false,"template":"","format":"standard","meta":{"footnotes":""},"categories":[4],"tags":[],"class_list":["post-100","post","type-post","status-publish","format-standard","has-post-thumbnail","hentry","category-news"],"_links":{"self":[{"href":"http:\/\/asylkreis-oftersheim.de\/index.php?rest_route=\/wp\/v2\/posts\/100","targetHints":{"allow":["GET"]}}],"collection":[{"href":"http:\/\/asylkreis-oftersheim.de\/index.php?rest_route=\/wp\/v2\/posts"}],"about":[{"href":"http:\/\/asylkreis-oftersheim.de\/index.php?rest_route=\/wp\/v2\/types\/post"}],"author":[{"embeddable":true,"href":"http:\/\/asylkreis-oftersheim.de\/index.php?rest_route=\/wp\/v2\/users\/1"}],"replies":[{"embeddable":true,"href":"http:\/\/asylkreis-oftersheim.de\/index.php?rest_route=%2Fwp%2Fv2%2Fcomments&post=100"}],"version-history":[{"count":2,"href":"http:\/\/asylkreis-oftersheim.de\/index.php?rest_route=\/wp\/v2\/posts\/100\/revisions"}],"predecessor-version":[{"id":105,"href":"http:\/\/asylkreis-oftersheim.de\/index.php?rest_route=\/wp\/v2\/posts\/100\/revisions\/105"}],"wp:featuredmedia":[{"embeddable":true,"href":"http:\/\/asylkreis-oftersheim.de\/index.php?rest_route=\/wp\/v2\/media\/101"}],"wp:attachment":[{"href":"http:\/\/asylkreis-oftersheim.de\/index.php?rest_route=%2Fwp%2Fv2%2Fmedia&parent=100"}],"wp:term":[{"taxonomy":"category","embeddable":true,"href":"http:\/\/asylkreis-oftersheim.de\/index.php?rest_route=%2Fwp%2Fv2%2Fcategories&post=100"},{"taxonomy":"post_tag","embeddable":true,"href":"http:\/\/asylkreis-oftersheim.de\/index.php?rest_route=%2Fwp%2Fv2%2Ftags&post=100"}],"curies":[{"name":"wp","href":"https:\/\/api.w.org\/{rel}","templated":true}]}}